{"id":10012,"date":"2022-05-11T15:14:34","date_gmt":"2022-05-11T13:14:34","guid":{"rendered":"https:\/\/ciezaentumano.com\/?p=10012"},"modified":"2022-05-11T15:17:06","modified_gmt":"2022-05-11T13:17:06","slug":"celia-villalba-e-irene-rios-ganan-el-concurso-regional-mi-pueblo-europa","status":"publish","type":"post","link":"https:\/\/ciezaentumano.com\/en\/celia-villalba-e-irene-rios-ganan-el-concurso-regional-mi-pueblo-europa\/","title":{"rendered":"Celia Villalba and Irene R\u00edos win the &quot;My Town Europe&quot; Regional Competition"},"content":{"rendered":"<p>On May 9th, Europe Day, the two students from Cieza, Celia Villalba Torrano and Irene R\u00edos Salmer\u00f3n from CEIP San Jos\u00e9 Obrero and CEIP Cristo del Consuelo respectively, received the 1st and 2nd Prize in their category, of the XX edition of the Regional Contest \u201cMy town Europe\u201d.<\/p>\n<p>More than 3,300 schoolchildren from 36 educational centers in 15 municipalities of the Region of Murcia have participated in this edition convened by the Ministry of Business, Employment, Universities and Spokesperson.<\/p>\n<p>The winning students received educational games, drawing materials and a certificate of participation as prizes; and the participating schools, Cristo del Consuelo School and San Jos\u00e9 Obrero School, received a certificate of participation, as well as a set of educational materials about the European Union.<\/p>\n<p>In addition, the selected drawings have been used to illustrate the &#039;My Town, Europe 2022&#039; calendar, which has already been distributed to educational centers and various regional and European institutions.<\/p>\n<p>The girls from Cieza were received by the Secretary General of the Regional Ministry, Ana Luisa L\u00f3pez, who presided over the awards ceremony along with the Director General of the European Union, Adri\u00e1n Zittelli, who explained that \u201cthe objective is to encourage students in Early Childhood and Primary Education in the Region&#039;s schools to learn more about Europe, its institutions, the territories that comprise it and the impact it has on their municipalities and their lives, as well as to reward their vision of the European Union.\u201d<\/p>\n<p>It has undoubtedly been a wonderful experience and a great source of pride for the schools of these girls who have perfectly captured in their drawings the image of a united, borderless and peaceful Europe.<br \/>\nCongratulations.<\/p>","protected":false},"excerpt":{"rendered":"<p>Two students from Cieza, Celia Villalba Torrano and Irene R\u00edos Salmer\u00f3n, received the 1st and 2nd Prizes in their categories, respectively, in the 20th edition of the Regional Competition \u201cMy Town Europe\u201d.<\/p>","protected":false},"author":1,"featured_media":10013,"comment_status":"open","ping_status":"closed","sticky":false,"template":"","format":"standard","meta":{"_et_pb_use_builder":"","_et_pb_old_content":"","_et_gb_content_width":"","footnotes":""},"categories":[18],"tags":[],"amp_enabled":true,"_links":{"self":[{"href":"https:\/\/ciezaentumano.com\/en\/wp-json\/wp\/v2\/posts\/10012"}],"collection":[{"href":"https:\/\/ciezaentumano.com\/en\/wp-json\/wp\/v2\/posts"}],"about":[{"href":"https:\/\/ciezaentumano.com\/en\/wp-json\/wp\/v2\/types\/post"}],"author":[{"embeddable":true,"href":"https:\/\/ciezaentumano.com\/en\/wp-json\/wp\/v2\/users\/1"}],"replies":[{"embeddable":true,"href":"https:\/\/ciezaentumano.com\/en\/wp-json\/wp\/v2\/comments?post=10012"}],"version-history":[{"count":1,"href":"https:\/\/ciezaentumano.com\/en\/wp-json\/wp\/v2\/posts\/10012\/revisions"}],"predecessor-version":[{"id":10016,"href":"https:\/\/ciezaentumano.com\/en\/wp-json\/wp\/v2\/posts\/10012\/revisions\/10016"}],"wp:featuredmedia":[{"embeddable":true,"href":"https:\/\/ciezaentumano.com\/en\/wp-json\/wp\/v2\/media\/10013"}],"wp:attachment":[{"href":"https:\/\/ciezaentumano.com\/en\/wp-json\/wp\/v2\/media?parent=10012"}],"wp:term":[{"taxonomy":"category","embeddable":true,"href":"https:\/\/ciezaentumano.com\/en\/wp-json\/wp\/v2\/categories?post=10012"},{"taxonomy":"post_tag","embeddable":true,"href":"https:\/\/ciezaentumano.com\/en\/wp-json\/wp\/v2\/tags?post=10012"}],"curies":[{"name":"wp","href":"https:\/\/api.w.org\/{rel}","templated":true}]}}