{"id":10097,"date":"2022-06-11T11:43:35","date_gmt":"2022-06-11T09:43:35","guid":{"rendered":"https:\/\/ciezaentumano.com\/?p=10097"},"modified":"2022-06-16T02:18:43","modified_gmt":"2022-06-16T00:18:43","slug":"una-de-calor-nos-afectara-a-partir-del-lunes-dia-13","status":"publish","type":"post","link":"https:\/\/ciezaentumano.com\/en\/una-de-calor-nos-afectara-a-partir-del-lunes-dia-13\/","title":{"rendered":"A hot one will affect us starting Monday the 13th."},"content":{"rendered":"<p>Please be aware of the heat wave that will affect us starting Monday the 13th. Detailed information will be provided in the weekly forecast, as well as the corresponding alerts for each day. Please be extremely cautious.<\/p>\n<p>A very warm air mass from North Africa has already begun to enter Spain, bringing extremely high temperatures between Monday the 13th and Thursday the 16th in the Region of Murcia.<\/p>\n<p>In the Region of Murcia, this very warm air mass will bring highs of between 40 and 44 degrees Celsius in the shade, and lows of over 20 degrees Celsius.<\/p>\n<p>Winds blowing from the south can make the temperature feel much higher.<\/p>\n<p>From Cieza En Tu Mano, we ask you to be very careful and follow the updates, as well as follow the advice to avoid problems with your health.<\/p>\n<p>&nbsp;<\/p>\n<p><img loading=\"lazy\" decoding=\"async\" class=\"aligncenter wp-image-10094 size-full\" src=\"https:\/\/ciezaentumano.com\/wp-content\/uploads\/2022\/06\/2.jpg\" alt=\"\" width=\"910\" height=\"710\" srcset=\"https:\/\/ciezaentumano.com\/wp-content\/uploads\/2022\/06\/2.jpg 910w, https:\/\/ciezaentumano.com\/wp-content\/uploads\/2022\/06\/2-300x234.jpg 300w, https:\/\/ciezaentumano.com\/wp-content\/uploads\/2022\/06\/2-768x599.jpg 768w\" sizes=\"(max-width: 910px) 100vw, 910px\" \/><\/p>","protected":false},"excerpt":{"rendered":"<p>Atenci\u00f3n a la ola de calor que nos afectar\u00e1 a partir de el lunes d\u00eda 13, la informaci\u00f3n se ir\u00e1 detallando en la previsi\u00f3n semanal, as\u00ed como se ir\u00e1n indicando las alertas correspondientes a cada d\u00eda. Mucha precauci\u00f3n. Una masa de aire muy c\u00e1lido procedente del norte de \u00c1frica que ya ha comenzado a entrar [&hellip;]<\/p>","protected":false},"author":1,"featured_media":10093,"comment_status":"open","ping_status":"closed","sticky":false,"template":"","format":"standard","meta":{"_et_pb_use_builder":"","_et_pb_old_content":"","_et_gb_content_width":"","footnotes":""},"categories":[18],"tags":[],"amp_enabled":true,"_links":{"self":[{"href":"https:\/\/ciezaentumano.com\/en\/wp-json\/wp\/v2\/posts\/10097"}],"collection":[{"href":"https:\/\/ciezaentumano.com\/en\/wp-json\/wp\/v2\/posts"}],"about":[{"href":"https:\/\/ciezaentumano.com\/en\/wp-json\/wp\/v2\/types\/post"}],"author":[{"embeddable":true,"href":"https:\/\/ciezaentumano.com\/en\/wp-json\/wp\/v2\/users\/1"}],"replies":[{"embeddable":true,"href":"https:\/\/ciezaentumano.com\/en\/wp-json\/wp\/v2\/comments?post=10097"}],"version-history":[{"count":4,"href":"https:\/\/ciezaentumano.com\/en\/wp-json\/wp\/v2\/posts\/10097\/revisions"}],"predecessor-version":[{"id":10137,"href":"https:\/\/ciezaentumano.com\/en\/wp-json\/wp\/v2\/posts\/10097\/revisions\/10137"}],"wp:featuredmedia":[{"embeddable":true,"href":"https:\/\/ciezaentumano.com\/en\/wp-json\/wp\/v2\/media\/10093"}],"wp:attachment":[{"href":"https:\/\/ciezaentumano.com\/en\/wp-json\/wp\/v2\/media?parent=10097"}],"wp:term":[{"taxonomy":"category","embeddable":true,"href":"https:\/\/ciezaentumano.com\/en\/wp-json\/wp\/v2\/categories?post=10097"},{"taxonomy":"post_tag","embeddable":true,"href":"https:\/\/ciezaentumano.com\/en\/wp-json\/wp\/v2\/tags?post=10097"}],"curies":[{"name":"wp","href":"https:\/\/api.w.org\/{rel}","templated":true}]}}