{"id":10291,"date":"2022-07-18T11:42:40","date_gmt":"2022-07-18T09:42:40","guid":{"rendered":"https:\/\/ciezaentumano.com\/?p=10291"},"modified":"2022-07-18T11:42:40","modified_gmt":"2022-07-18T09:42:40","slug":"inaugurada-la-exposicion-cre-arte","status":"publish","type":"post","link":"https:\/\/ciezaentumano.com\/en\/inaugurada-la-exposicion-cre-arte\/","title":{"rendered":"CRE ARTE Exhibition inaugurated"},"content":{"rendered":"<p>Last Friday, the opening ceremony of the CRE ARTE exhibition, featuring the work of students and alumni of the Semitiel Segura Art Academy, was held at the Siy\u00e2sa Museum.<\/p>\n<p>&nbsp;<\/p>\n<p>The event, which brought together the work of 60 students of all ages, was attended by Conchi Villa Ballesteros, Councilor for Culture and Museums, artist Jos\u00e9 Semitiel Segura, and the director of the Siy\u00e2sa Museum, Joaqu\u00edn Salmer\u00f3n-Juan, as well as the creators, friends, and family.<\/p>\n<p>&nbsp;<\/p>\n<p>The exhibition will be open until August 13.<\/p>\n<p>&nbsp;<\/p>\n<p>The Siy\u00e2sa Museum is open during its summer hours, from Tuesday to Saturday, from 10 a.m. to 2 p.m.<\/p>\n<p>&nbsp;<\/p>\n<p>We look forward to seeing you!<\/p>","protected":false},"excerpt":{"rendered":"<p>El pasado viernes, en el Museo de Siy\u00e2sa, se celebr\u00f3 el acto de inauguraci\u00f3n de la exposici\u00f3n CRE ARTE, que recoje la obra de alumnos y exalumnos de la Academia de Arte Semitiel Segura. &nbsp; El evento, que re\u00fane la obra de 60 alumnos de todas las edades, se realiz\u00f3 con la presencia de Conchi [&hellip;]<\/p>","protected":false},"author":1,"featured_media":10292,"comment_status":"open","ping_status":"closed","sticky":false,"template":"","format":"standard","meta":{"_et_pb_use_builder":"","_et_pb_old_content":"","_et_gb_content_width":"","footnotes":""},"categories":[2],"tags":[],"amp_enabled":true,"_links":{"self":[{"href":"https:\/\/ciezaentumano.com\/en\/wp-json\/wp\/v2\/posts\/10291"}],"collection":[{"href":"https:\/\/ciezaentumano.com\/en\/wp-json\/wp\/v2\/posts"}],"about":[{"href":"https:\/\/ciezaentumano.com\/en\/wp-json\/wp\/v2\/types\/post"}],"author":[{"embeddable":true,"href":"https:\/\/ciezaentumano.com\/en\/wp-json\/wp\/v2\/users\/1"}],"replies":[{"embeddable":true,"href":"https:\/\/ciezaentumano.com\/en\/wp-json\/wp\/v2\/comments?post=10291"}],"version-history":[{"count":1,"href":"https:\/\/ciezaentumano.com\/en\/wp-json\/wp\/v2\/posts\/10291\/revisions"}],"predecessor-version":[{"id":10293,"href":"https:\/\/ciezaentumano.com\/en\/wp-json\/wp\/v2\/posts\/10291\/revisions\/10293"}],"wp:featuredmedia":[{"embeddable":true,"href":"https:\/\/ciezaentumano.com\/en\/wp-json\/wp\/v2\/media\/10292"}],"wp:attachment":[{"href":"https:\/\/ciezaentumano.com\/en\/wp-json\/wp\/v2\/media?parent=10291"}],"wp:term":[{"taxonomy":"category","embeddable":true,"href":"https:\/\/ciezaentumano.com\/en\/wp-json\/wp\/v2\/categories?post=10291"},{"taxonomy":"post_tag","embeddable":true,"href":"https:\/\/ciezaentumano.com\/en\/wp-json\/wp\/v2\/tags?post=10291"}],"curies":[{"name":"wp","href":"https:\/\/api.w.org\/{rel}","templated":true}]}}