{"id":10393,"date":"2022-08-17T11:22:29","date_gmt":"2022-08-17T09:22:29","guid":{"rendered":"https:\/\/ciezaentumano.com\/?p=10393"},"modified":"2022-09-28T15:36:30","modified_gmt":"2022-09-28T13:36:30","slug":"inauguracion-de-la-exposicion-frutales-en-el-museo-de-siyasa","status":"publish","type":"post","link":"https:\/\/ciezaentumano.com\/en\/inauguracion-de-la-exposicion-frutales-en-el-museo-de-siyasa\/","title":{"rendered":"Opening of the &#039;Fruit Trees&#039; exhibition at the Siy\u00e2sa Museum"},"content":{"rendered":"<p>This coming Friday, August 19th, at 8:00 p.m., the Siy\u00e2sa Museum will host the opening of the exhibition titled &quot;Fruit Trees,&quot; by artist \u00c1ngeles S\u00e1ez.<\/p>\n<p>The exhibition will be open from August 19 to September 11 during regular museum hours.<\/p>\n<p>&nbsp;<\/p>\n<p><img loading=\"lazy\" decoding=\"async\" class=\"aligncenter wp-image-10394 size-full\" src=\"https:\/\/ciezaentumano.com\/wp-content\/uploads\/2022\/08\/exposicion-siyasa-frutales-cieza.jpg\" alt=\"\" width=\"686\" height=\"960\" srcset=\"https:\/\/ciezaentumano.com\/wp-content\/uploads\/2022\/08\/exposicion-siyasa-frutales-cieza.jpg 686w, https:\/\/ciezaentumano.com\/wp-content\/uploads\/2022\/08\/exposicion-siyasa-frutales-cieza-214x300.jpg 214w\" sizes=\"(max-width: 686px) 100vw, 686px\" \/><\/p>","protected":false},"excerpt":{"rendered":"<p>This coming Friday, August 19th, at 8:00 p.m., the Siy\u00e2sa Museum will host the opening of the exhibition titled &quot;Fruit Trees,&quot; by artist \u00c1ngeles S\u00e1ez.<\/p>","protected":false},"author":1,"featured_media":10394,"comment_status":"open","ping_status":"closed","sticky":false,"template":"","format":"standard","meta":{"_et_pb_use_builder":"","_et_pb_old_content":"","_et_gb_content_width":"","footnotes":""},"categories":[2],"tags":[],"amp_enabled":true,"_links":{"self":[{"href":"https:\/\/ciezaentumano.com\/en\/wp-json\/wp\/v2\/posts\/10393"}],"collection":[{"href":"https:\/\/ciezaentumano.com\/en\/wp-json\/wp\/v2\/posts"}],"about":[{"href":"https:\/\/ciezaentumano.com\/en\/wp-json\/wp\/v2\/types\/post"}],"author":[{"embeddable":true,"href":"https:\/\/ciezaentumano.com\/en\/wp-json\/wp\/v2\/users\/1"}],"replies":[{"embeddable":true,"href":"https:\/\/ciezaentumano.com\/en\/wp-json\/wp\/v2\/comments?post=10393"}],"version-history":[{"count":1,"href":"https:\/\/ciezaentumano.com\/en\/wp-json\/wp\/v2\/posts\/10393\/revisions"}],"predecessor-version":[{"id":10395,"href":"https:\/\/ciezaentumano.com\/en\/wp-json\/wp\/v2\/posts\/10393\/revisions\/10395"}],"wp:featuredmedia":[{"embeddable":true,"href":"https:\/\/ciezaentumano.com\/en\/wp-json\/wp\/v2\/media\/10394"}],"wp:attachment":[{"href":"https:\/\/ciezaentumano.com\/en\/wp-json\/wp\/v2\/media?parent=10393"}],"wp:term":[{"taxonomy":"category","embeddable":true,"href":"https:\/\/ciezaentumano.com\/en\/wp-json\/wp\/v2\/categories?post=10393"},{"taxonomy":"post_tag","embeddable":true,"href":"https:\/\/ciezaentumano.com\/en\/wp-json\/wp\/v2\/tags?post=10393"}],"curies":[{"name":"wp","href":"https:\/\/api.w.org\/{rel}","templated":true}]}}