{"id":10590,"date":"2023-01-17T14:27:05","date_gmt":"2023-01-17T13:27:05","guid":{"rendered":"https:\/\/ciezaentumano.com\/?p=10590"},"modified":"2023-03-07T01:58:07","modified_gmt":"2023-03-07T00:58:07","slug":"exposicion-mis-recuerdos-del-pintor-ciezano-jorge-monllor","status":"publish","type":"post","link":"https:\/\/ciezaentumano.com\/en\/exposicion-mis-recuerdos-del-pintor-ciezano-jorge-monllor\/","title":{"rendered":"Exhibition &#039;My Memories&#039; by the Cieza painter Jorge Monllor"},"content":{"rendered":"<p>This coming Thursday, the Siy\u00e2sa Museum will host the opening of the exhibition &quot;My Memories&quot; by Cieza painter Jorge Monllor Felices.<\/p>\n<p>The event will take place on January 19, 2023, at 7:30 p.m.<\/p>\n<p>Exhibition curated by Joaqu\u00edn Salmer\u00f3n Juan and Mar\u00eda Isabel Hern\u00e1ndez Monllor.<\/p>\n<p>&nbsp;<\/p>\n<p><img loading=\"lazy\" decoding=\"async\" class=\"size-large wp-image-10591 aligncenter\" src=\"https:\/\/ciezaentumano.com\/wp-content\/uploads\/2023\/01\/Cartel-exposicion-Jorge-Monllor-en-el-Museo-Siyasa-de-Cieza.-576x1024.jpg\" alt=\"\" width=\"576\" height=\"1024\" \/><\/p>","protected":false},"excerpt":{"rendered":"<p>This coming Thursday, the Siy\u00e2sa Museum will host the opening of the exhibition &quot;My Memories&quot; by Cieza painter Jorge Monllor Felices.<\/p>","protected":false},"author":1,"featured_media":10591,"comment_status":"open","ping_status":"closed","sticky":false,"template":"","format":"standard","meta":{"_et_pb_use_builder":"","_et_pb_old_content":"","_et_gb_content_width":"","footnotes":""},"categories":[2],"tags":[],"amp_enabled":true,"_links":{"self":[{"href":"https:\/\/ciezaentumano.com\/en\/wp-json\/wp\/v2\/posts\/10590"}],"collection":[{"href":"https:\/\/ciezaentumano.com\/en\/wp-json\/wp\/v2\/posts"}],"about":[{"href":"https:\/\/ciezaentumano.com\/en\/wp-json\/wp\/v2\/types\/post"}],"author":[{"embeddable":true,"href":"https:\/\/ciezaentumano.com\/en\/wp-json\/wp\/v2\/users\/1"}],"replies":[{"embeddable":true,"href":"https:\/\/ciezaentumano.com\/en\/wp-json\/wp\/v2\/comments?post=10590"}],"version-history":[{"count":1,"href":"https:\/\/ciezaentumano.com\/en\/wp-json\/wp\/v2\/posts\/10590\/revisions"}],"predecessor-version":[{"id":10592,"href":"https:\/\/ciezaentumano.com\/en\/wp-json\/wp\/v2\/posts\/10590\/revisions\/10592"}],"wp:featuredmedia":[{"embeddable":true,"href":"https:\/\/ciezaentumano.com\/en\/wp-json\/wp\/v2\/media\/10591"}],"wp:attachment":[{"href":"https:\/\/ciezaentumano.com\/en\/wp-json\/wp\/v2\/media?parent=10590"}],"wp:term":[{"taxonomy":"category","embeddable":true,"href":"https:\/\/ciezaentumano.com\/en\/wp-json\/wp\/v2\/categories?post=10590"},{"taxonomy":"post_tag","embeddable":true,"href":"https:\/\/ciezaentumano.com\/en\/wp-json\/wp\/v2\/tags?post=10590"}],"curies":[{"name":"wp","href":"https:\/\/api.w.org\/{rel}","templated":true}]}}