{"id":10613,"date":"2023-01-18T15:30:58","date_gmt":"2023-01-18T14:30:58","guid":{"rendered":"https:\/\/ciezaentumano.com\/?p=10613"},"modified":"2023-01-23T15:40:08","modified_gmt":"2023-01-23T14:40:08","slug":"el-flor-cieza-festival-y-festival-internacional-de-folklore-en-fitur","status":"publish","type":"post","link":"https:\/\/ciezaentumano.com\/en\/el-flor-cieza-festival-y-festival-internacional-de-folklore-en-fitur\/","title":{"rendered":"The Flor Cieza Festival and International Folklore Festival at FITUR"},"content":{"rendered":"<div>\n<h3>Cieza will be present for another edition at the world&#039;s most important tourism fair, FITUR.<\/h3>\n<\/div>\n<div class=\"col-12\">\n<div class=\"col-2 redeslat\"><\/div>\n<div class=\"col-10\">\n<div class=\"izquierda\">\n<p align=\"justify\">This year&#039;s highlights include its festivals: the Flowering Festival, the Flor Cieza Festival, and the International Folklore Festival in the Segura River, held in August as a prelude to the patron saint festivities in honor of the patron saint, Saint Bartholomew.<\/p>\n<p align=\"justify\">Next Friday, the 20th, at 6:45 p.m., the 7th edition of the 1st Cieza Tourism Plan &quot;FLORACI\u00d3N&quot; will be presented at the Region of Murcia Stand at FITUR. On this occasion, the &quot;Performing Arts&quot; petal will take on special importance, revealing the extensive program that this petal has prepared for Floraci\u00f3n 2023: &quot;Cl\u00e1sicos en Floraci\u00f3n&quot;, a show that will mark the inauguration of the project, &quot;Pianos en Floraci\u00f3n&quot;, &quot;Los Sonidos del Soto&quot;, &quot;Pasajes Floraci\u00f3n&quot;, &quot;Atardeceres Floraci\u00f3n&quot;, the &quot;IX Day of the Federation of Bands&quot;, and highlighting the firm commitment to its festival, the Flor Cieza Festival, which this year will consist of two days, Friday, March 17th, starting at 7:00 p.m. and Saturday, March 18th, starting at 5:30 p.m., in the Plaza de Espa\u00f1a tent.<\/p>\n<p align=\"justify\">On Saturday, it will be FITUR&#039;s turn for the 33rd International Folklore Festival. Starting at 12:30 p.m., the lineup for this 33rd edition will be unveiled, inviting the entire world to discover and enjoy it from August 18 to 20, 2023. Of course, the presentation will feature a special performance by the Francisco Salzillo Choir and Dance Group, which attendees will be able to enjoy, accompanied by &quot;Manjar de Cieza&quot; (Manjar of Cieza) prepared by the phenomenal pastry chef Joaqu\u00edn de Las Delicias.<\/p>\n<p align=\"justify\">Pascual Lucas stated that &quot;we are going to FITUR with the enthusiasm that comes with a project in which an entire town participates. Blossoming is a natural phenomenon inherent to the identity of the people of Cieza, who have spent their entire lives enjoying the pink-tinged fields, with the respect that the hard work of our farmers deserves. Today, Cieza is a smart and sustainable tourist destination capable of showcasing its rich heritage and traditions to the world.&quot;<\/p>\n<p align=\"justify\">&quot;At the world&#039;s most important tourism fair, FITUR, the best are there, and with our tourism potential, Cieza has to be there. We&#039;ll give it our all, we&#039;ll continue working tirelessly to ensure that Cieza remains a benchmark for tourism and maintains the privileged position we&#039;ve established it in,&quot; concludes Antonio Moya, Cieza City Councilor for Tourism.<\/p>\n<\/div>\n<p align=\"justify\"><img loading=\"lazy\" decoding=\"async\" class=\"size-full wp-image-10614 aligncenter\" src=\"https:\/\/ciezaentumano.com\/wp-content\/uploads\/2023\/01\/Cartel-Floracion-Cieza-en-fitur..jpg\" alt=\"\" width=\"322\" height=\"640\" srcset=\"https:\/\/ciezaentumano.com\/wp-content\/uploads\/2023\/01\/Cartel-Floracion-Cieza-en-fitur..jpg 322w, https:\/\/ciezaentumano.com\/wp-content\/uploads\/2023\/01\/Cartel-Floracion-Cieza-en-fitur.-151x300.jpg 151w\" sizes=\"(max-width: 322px) 100vw, 322px\" \/><\/p>\n<\/div>\n<\/div>","protected":false},"excerpt":{"rendered":"<p>Cieza will be present for another edition at the world&#039;s most important tourism fair, FITUR.<\/p>","protected":false},"author":1,"featured_media":10614,"comment_status":"open","ping_status":"closed","sticky":false,"template":"","format":"standard","meta":{"_et_pb_use_builder":"","_et_pb_old_content":"","_et_gb_content_width":"","footnotes":""},"categories":[18],"tags":[],"amp_enabled":true,"_links":{"self":[{"href":"https:\/\/ciezaentumano.com\/en\/wp-json\/wp\/v2\/posts\/10613"}],"collection":[{"href":"https:\/\/ciezaentumano.com\/en\/wp-json\/wp\/v2\/posts"}],"about":[{"href":"https:\/\/ciezaentumano.com\/en\/wp-json\/wp\/v2\/types\/post"}],"author":[{"embeddable":true,"href":"https:\/\/ciezaentumano.com\/en\/wp-json\/wp\/v2\/users\/1"}],"replies":[{"embeddable":true,"href":"https:\/\/ciezaentumano.com\/en\/wp-json\/wp\/v2\/comments?post=10613"}],"version-history":[{"count":1,"href":"https:\/\/ciezaentumano.com\/en\/wp-json\/wp\/v2\/posts\/10613\/revisions"}],"predecessor-version":[{"id":10615,"href":"https:\/\/ciezaentumano.com\/en\/wp-json\/wp\/v2\/posts\/10613\/revisions\/10615"}],"wp:featuredmedia":[{"embeddable":true,"href":"https:\/\/ciezaentumano.com\/en\/wp-json\/wp\/v2\/media\/10614"}],"wp:attachment":[{"href":"https:\/\/ciezaentumano.com\/en\/wp-json\/wp\/v2\/media?parent=10613"}],"wp:term":[{"taxonomy":"category","embeddable":true,"href":"https:\/\/ciezaentumano.com\/en\/wp-json\/wp\/v2\/categories?post=10613"},{"taxonomy":"post_tag","embeddable":true,"href":"https:\/\/ciezaentumano.com\/en\/wp-json\/wp\/v2\/tags?post=10613"}],"curies":[{"name":"wp","href":"https:\/\/api.w.org\/{rel}","templated":true}]}}