{"id":10617,"date":"2023-01-22T14:59:51","date_gmt":"2023-01-22T13:59:51","guid":{"rendered":"https:\/\/ciezaentumano.com\/?p=10617"},"modified":"2023-01-24T15:06:42","modified_gmt":"2023-01-24T14:06:42","slug":"llega-la-exposicion-ancestros-neandertales-en-la-region-de-murcia","status":"publish","type":"post","link":"https:\/\/ciezaentumano.com\/en\/llega-la-exposicion-ancestros-neandertales-en-la-region-de-murcia\/","title":{"rendered":"The exhibition &quot;Ancestors. Neanderthals in the Region of Murcia&quot; is coming soon."},"content":{"rendered":"<h3 align=\"justify\"><strong>The inauguration will take place this coming Tuesday, January 24th, at 7:00 p.m. at the Siy\u00e2sa Museum.<\/strong><\/h3>\n<p align=\"justify\">The exhibition, which has previously been shown at the Archaeological Museum of Murcia (MAM), breaking all records for temporary exhibitions at the museum, is organized by the Ministry of the Presidency and Culture and has the collaboration of the University of Murcia.<\/p>\n<p align=\"justify\">Ignacio Mart\u00edn-Lerma, a professor of prehistory at the University of Murcia, is the curator of this exhibition, along with Jo\u00e3o Zilh\u00e3o, a researcher at the University of Lisbon, also a specialist in the field; and Luis de Miquel Santed, curator of the Museums and Exhibitions Service of the Region of Murcia.<\/p>\n<p align=\"justify\">This is a program that combines science and educational outreach in an accessible and entertaining way. During the tour, you can enjoy unique archaeological artifacts that perfectly depict the period in which Neanderthals roamed our region, with specially created illustrations, as well as a life-size reproduction of a Neanderthal torso.<\/p>\n<p align=\"justify\">The exhibition, in addition to exploring their lifestyles, addresses such transcendental questions as how they lived, what they ate, and whether they were intelligent. The Arco Cave is one of the exhibition&#039;s focal points, featuring flint pieces found there during excavations led by Ignacio Mart\u00edn Lerma and Didac Rom\u00e1n, which were carved some 50,000 years ago by Neanderthals.<\/p>\n<p align=\"justify\">A model of the cave is also on display, along with photographs and reconstructive paintings showing how the cave was used during the Neanderthal era.<\/p>\n<p align=\"justify\">\n<p align=\"justify\">Source: Cieza City Council.<\/p>","protected":false},"excerpt":{"rendered":"<p>The inauguration will take place this coming Tuesday, January 24th, at 7:00 p.m. at the Siy\u00e2sa Museum in Cieza.<\/p>","protected":false},"author":1,"featured_media":10618,"comment_status":"open","ping_status":"closed","sticky":false,"template":"","format":"standard","meta":{"_et_pb_use_builder":"","_et_pb_old_content":"","_et_gb_content_width":"","footnotes":""},"categories":[2],"tags":[],"amp_enabled":true,"_links":{"self":[{"href":"https:\/\/ciezaentumano.com\/en\/wp-json\/wp\/v2\/posts\/10617"}],"collection":[{"href":"https:\/\/ciezaentumano.com\/en\/wp-json\/wp\/v2\/posts"}],"about":[{"href":"https:\/\/ciezaentumano.com\/en\/wp-json\/wp\/v2\/types\/post"}],"author":[{"embeddable":true,"href":"https:\/\/ciezaentumano.com\/en\/wp-json\/wp\/v2\/users\/1"}],"replies":[{"embeddable":true,"href":"https:\/\/ciezaentumano.com\/en\/wp-json\/wp\/v2\/comments?post=10617"}],"version-history":[{"count":1,"href":"https:\/\/ciezaentumano.com\/en\/wp-json\/wp\/v2\/posts\/10617\/revisions"}],"predecessor-version":[{"id":10619,"href":"https:\/\/ciezaentumano.com\/en\/wp-json\/wp\/v2\/posts\/10617\/revisions\/10619"}],"wp:featuredmedia":[{"embeddable":true,"href":"https:\/\/ciezaentumano.com\/en\/wp-json\/wp\/v2\/media\/10618"}],"wp:attachment":[{"href":"https:\/\/ciezaentumano.com\/en\/wp-json\/wp\/v2\/media?parent=10617"}],"wp:term":[{"taxonomy":"category","embeddable":true,"href":"https:\/\/ciezaentumano.com\/en\/wp-json\/wp\/v2\/categories?post=10617"},{"taxonomy":"post_tag","embeddable":true,"href":"https:\/\/ciezaentumano.com\/en\/wp-json\/wp\/v2\/tags?post=10617"}],"curies":[{"name":"wp","href":"https:\/\/api.w.org\/{rel}","templated":true}]}}