{"id":10626,"date":"2023-01-23T15:41:18","date_gmt":"2023-01-23T14:41:18","guid":{"rendered":"https:\/\/ciezaentumano.com\/?p=10626"},"modified":"2023-01-24T16:01:24","modified_gmt":"2023-01-24T15:01:24","slug":"presentacion-del-libro-patio-interior-de-rosa-campos-en-el-siyasa","status":"publish","type":"post","link":"https:\/\/ciezaentumano.com\/en\/presentacion-del-libro-patio-interior-de-rosa-campos-en-el-siyasa\/","title":{"rendered":"Presentation of the book &#039;Patio Interior&#039; by Rosa Campos at Siy\u00e2sa"},"content":{"rendered":"<div class=\"x11i5rnm xat24cr x1mh8g0r x1vvkbs xdj266r x126k92a\">\n<div class=\"x11i5rnm xat24cr x1mh8g0r x1vvkbs xdj266r x126k92a\">\n<div dir=\"auto\"><strong>Presentation of &#039;Interior Patio&#039; by Rosa Campos at the Siy\u00e2sa Museum.\u00a0<\/strong><\/div>\n<\/div>\n<div class=\"x11i5rnm xat24cr x1mh8g0r x1vvkbs xtlvy1s x126k92a\">\n<div dir=\"auto\"><strong>Date and time: Thursday, January 26 at 7:30 p.m.<\/strong><\/div>\n<div dir=\"auto\"><strong>Location: Siy\u00e2sa Museum, C\/ San Sebasti\u00e1n 17.<\/strong><\/div>\n<\/div>\n<\/div>\n<div dir=\"auto\">.<\/div>\n<div dir=\"auto\">At this presentation, poet and author Rosa Campos will be joined by Joaqu\u00edn Salmer\u00f3n Juan and M\u00edriam Cano Motos at the presentation table, and by the literary group La Sierpe y el La\u00fad in the recital.<\/div>\n<div dir=\"auto\">.<\/div>\n<div dir=\"auto\">\n<div class=\"x11i5rnm xat24cr x1mh8g0r x1vvkbs xdj266r x126k92a\">\n<p dir=\"auto\">Prologue: Miriam Cano Motos.<\/p>\n<p dir=\"auto\">Cover and interior paintings: M\u00aa Joaquina S\u00e1nchez Dato.<\/p>\n<p dir=\"auto\">.<\/p>\n<\/div>\n<div class=\"x11i5rnm xat24cr x1mh8g0r x1vvkbs xtlvy1s x126k92a\">\n<p dir=\"auto\">Inner courtyard, poetry. \u201cAn inner courtyard for intimacy and self-care, for reflection, for dreaming, for enjoying the beauty of light in all its forms\u2026 But also for sharing it with a loved one and bridging the gap between us.\u201d We now know that the streets are the space for building community, but the inner courtyard is the sanctuary for sharing friendship, the core of life, the sanctuary of what makes us human.\u201d (M\u00edriam Cano Motos)<\/p>\n<p dir=\"auto\">.<\/p>\n<\/div>\n<div class=\"x11i5rnm xat24cr x1mh8g0r x1vvkbs xtlvy1s x126k92a\">\n<p dir=\"auto\">Rosa Campos G\u00f3mez (Calasparra) holds a degree in Art History from the University of Murcia and completed the Literary Education and Intercultural Communication Course (UNED). Published books: Three Stories, Of Light and Shadow, Concentric Stars, Of Colors, Mesario, The Paintings of Paseo de Cieza, Crossing the River, and The Streets to Come. Lectures: The Expansive Creativity of Maruja Mallo, The Memory of Yesterday, and Art and Feminism in Santa Teresa. She has contributed to various anthologies and cultural magazines. She is co-founder of Cultura de Notas. She has contributed to various anthologies and cultural magazines. She writes about creative women in Cr\u00f3nicas de Siy\u00e2sa. Recognitions: 2nd Prize for Poetry in the 3rd Poetry and Short Story Contest for I Am a Woman (2002). 1st Prize ex aequo III Mariano Camacho Memorial, for The Paintings of Paseo de Cieza (2014). Winner of the 2nd \u00c1ngeles Palaz\u00f3n Christmas Story Competition for Gaspara (2015). She lives in Cieza, where she teaches drawing and painting workshops, as well as text and illustration workshops.<\/p>\n<p dir=\"auto\">.<\/p>\n<\/div>\n<div class=\"x11i5rnm xat24cr x1mh8g0r x1vvkbs xtlvy1s x126k92a\">\n<div dir=\"auto\">On sale January 23, 2023.<\/div>\n<\/div>\n<div class=\"x11i5rnm xat24cr x1mh8g0r x1vvkbs xtlvy1s x126k92a\">\n<div dir=\"auto\">Pages: 100.<\/div>\n<div dir=\"auto\">RRP: \u20ac10.<\/div>\n<\/div>\n<\/div>","protected":false},"excerpt":{"rendered":"<p>Rosa Campos will be joined by Joaqu\u00edn Salmer\u00f3n Juan and M\u00edriam Cano Motos at the presentation table, and by the literary group La Sierpe y el La\u00fad at the recital.<\/p>","protected":false},"author":1,"featured_media":10627,"comment_status":"open","ping_status":"closed","sticky":false,"template":"","format":"standard","meta":{"_et_pb_use_builder":"","_et_pb_old_content":"","_et_gb_content_width":"","footnotes":""},"categories":[2],"tags":[],"amp_enabled":true,"_links":{"self":[{"href":"https:\/\/ciezaentumano.com\/en\/wp-json\/wp\/v2\/posts\/10626"}],"collection":[{"href":"https:\/\/ciezaentumano.com\/en\/wp-json\/wp\/v2\/posts"}],"about":[{"href":"https:\/\/ciezaentumano.com\/en\/wp-json\/wp\/v2\/types\/post"}],"author":[{"embeddable":true,"href":"https:\/\/ciezaentumano.com\/en\/wp-json\/wp\/v2\/users\/1"}],"replies":[{"embeddable":true,"href":"https:\/\/ciezaentumano.com\/en\/wp-json\/wp\/v2\/comments?post=10626"}],"version-history":[{"count":3,"href":"https:\/\/ciezaentumano.com\/en\/wp-json\/wp\/v2\/posts\/10626\/revisions"}],"predecessor-version":[{"id":10630,"href":"https:\/\/ciezaentumano.com\/en\/wp-json\/wp\/v2\/posts\/10626\/revisions\/10630"}],"wp:featuredmedia":[{"embeddable":true,"href":"https:\/\/ciezaentumano.com\/en\/wp-json\/wp\/v2\/media\/10627"}],"wp:attachment":[{"href":"https:\/\/ciezaentumano.com\/en\/wp-json\/wp\/v2\/media?parent=10626"}],"wp:term":[{"taxonomy":"category","embeddable":true,"href":"https:\/\/ciezaentumano.com\/en\/wp-json\/wp\/v2\/categories?post=10626"},{"taxonomy":"post_tag","embeddable":true,"href":"https:\/\/ciezaentumano.com\/en\/wp-json\/wp\/v2\/tags?post=10626"}],"curies":[{"name":"wp","href":"https:\/\/api.w.org\/{rel}","templated":true}]}}