{"id":10632,"date":"2023-01-24T12:15:12","date_gmt":"2023-01-24T11:15:12","guid":{"rendered":"https:\/\/ciezaentumano.com\/?p=10632"},"modified":"2023-01-25T12:26:10","modified_gmt":"2023-01-25T11:26:10","slug":"presentacion-del-libro-sabores-de-sefarad-en-el-museo-de-siyasa","status":"publish","type":"post","link":"https:\/\/ciezaentumano.com\/en\/presentacion-del-libro-sabores-de-sefarad-en-el-museo-de-siyasa\/","title":{"rendered":"Presentation of the book &#039;Flavors of Sefarad&#039; at the Siy\u00e2sa Museum"},"content":{"rendered":"<p>Wednesday, January 25th at 7:00 p.m. at the Siy\u0101sa Museum, Calle San Sebasti\u00e1n 17, presentation of the book &#039;Flavors of Sefarad&#039; with the great international chef <a class=\"x1i10hfl xjbqb8w x6umtig x1b1mbwd xaqea5y xav7gou x9f619 x1ypdohk xt0psk2 xe8uvvx xdj266r x11i5rnm xat24cr x1mh8g0r xexx8yu x4uap5 x18d9i69 xkhd6sd x16tdsg8 x1hl2dhg xggy1nq x1a2a7pz xt0b8zv x1qq9wsj xo1l8bm\" tabindex=\"0\" role=\"link\" href=\"https:\/\/www.facebook.com\/javiermartinez.zafra.1?__cft__[0]=AZU2s4yrZ1eAxPDqvcS46dsXxYd1jyJgm-e7_R7HuX4P7DkFD4haU3VZdGnA0OZsbHmsB6DLbkw9AABBYw2XzmbWXfBJP5-dEob4Ze2jVC52MySTu2qeCwYe5liHPYzpQZYJevtsqn83W9X_ka8DbAypQ1fOV_l9RX6If6oE_Q8UOD2cI4z3EP5AjCw6kpXnhUY&amp;__tn__=-]K-R\" target=\"_blank\" rel=\"noopener\"><span class=\"xt0psk2\">Javier Martinez Zafra<\/span><\/a> to tell us the recipes that our Jewish-Spanish\/Sephardic ancestors used in the 15th century.<\/p>\n<p>And on Thursday the 26th, you can also attend Sephardic cooking workshops at CICOLA. Here&#039;s the information: <a href=\"https:\/\/ciezaentumano.com\/en\/talleres-de-cocina-sefardi-por-javier-martinez-zafra-en-cieza\/\">https:\/\/ciezaentumano.com\/talleres-de-cocina-sefardi-por-javier-martinez-zafra-en-cieza\/<\/a><\/p>\n<p>&nbsp;<\/p>\n<p><img loading=\"lazy\" decoding=\"async\" class=\"alignnone size-full wp-image-10633\" src=\"https:\/\/ciezaentumano.com\/wp-content\/uploads\/2023\/01\/cartel-presentacion-libro-los-sabores-de-sefard-en-Cieza..jpg\" alt=\"\" width=\"694\" height=\"960\" srcset=\"https:\/\/ciezaentumano.com\/wp-content\/uploads\/2023\/01\/cartel-presentacion-libro-los-sabores-de-sefard-en-Cieza..jpg 694w, https:\/\/ciezaentumano.com\/wp-content\/uploads\/2023\/01\/cartel-presentacion-libro-los-sabores-de-sefard-en-Cieza.-480x664.jpg 480w\" sizes=\"(min-width: 0px) and (max-width: 480px) 480px, (min-width: 481px) 694px, 100vw\" \/><\/p>","protected":false},"excerpt":{"rendered":"<p>Wednesday, January 25th at 7:00 p.m. at the Siy\u0101sa Museum, Calle San Sebasti\u00e1n 17, presentation of the book &quot;Flavors of Sefarad&quot; with the renowned international chef Javier Martinez Zafra.<\/p>","protected":false},"author":1,"featured_media":10633,"comment_status":"open","ping_status":"closed","sticky":false,"template":"","format":"standard","meta":{"_et_pb_use_builder":"","_et_pb_old_content":"","_et_gb_content_width":"","footnotes":""},"categories":[2],"tags":[],"amp_enabled":true,"_links":{"self":[{"href":"https:\/\/ciezaentumano.com\/en\/wp-json\/wp\/v2\/posts\/10632"}],"collection":[{"href":"https:\/\/ciezaentumano.com\/en\/wp-json\/wp\/v2\/posts"}],"about":[{"href":"https:\/\/ciezaentumano.com\/en\/wp-json\/wp\/v2\/types\/post"}],"author":[{"embeddable":true,"href":"https:\/\/ciezaentumano.com\/en\/wp-json\/wp\/v2\/users\/1"}],"replies":[{"embeddable":true,"href":"https:\/\/ciezaentumano.com\/en\/wp-json\/wp\/v2\/comments?post=10632"}],"version-history":[{"count":1,"href":"https:\/\/ciezaentumano.com\/en\/wp-json\/wp\/v2\/posts\/10632\/revisions"}],"predecessor-version":[{"id":10634,"href":"https:\/\/ciezaentumano.com\/en\/wp-json\/wp\/v2\/posts\/10632\/revisions\/10634"}],"wp:featuredmedia":[{"embeddable":true,"href":"https:\/\/ciezaentumano.com\/en\/wp-json\/wp\/v2\/media\/10633"}],"wp:attachment":[{"href":"https:\/\/ciezaentumano.com\/en\/wp-json\/wp\/v2\/media?parent=10632"}],"wp:term":[{"taxonomy":"category","embeddable":true,"href":"https:\/\/ciezaentumano.com\/en\/wp-json\/wp\/v2\/categories?post=10632"},{"taxonomy":"post_tag","embeddable":true,"href":"https:\/\/ciezaentumano.com\/en\/wp-json\/wp\/v2\/tags?post=10632"}],"curies":[{"name":"wp","href":"https:\/\/api.w.org\/{rel}","templated":true}]}}