{"id":10758,"date":"2023-02-14T15:23:47","date_gmt":"2023-02-14T14:23:47","guid":{"rendered":"https:\/\/ciezaentumano.com\/?p=10758"},"modified":"2023-02-14T15:23:47","modified_gmt":"2023-02-14T14:23:47","slug":"presentacion-de-los-ultimos-hallazgos-en-la-cueva-del-arco","status":"publish","type":"post","link":"https:\/\/ciezaentumano.com\/en\/presentacion-de-los-ultimos-hallazgos-en-la-cueva-del-arco\/","title":{"rendered":"Presentation of the latest findings in the Cueva del Arco"},"content":{"rendered":"<p>Following the announcement of the latest major discovery at Cueva del Arco, this Wednesday, February 15th, we will feature the presentation of &quot;the greatest geological and speleological discovery of recent decades.&quot;<\/p>\n<p>It will be held at the Capitol Theater, Manuel Burl\u00f3 Room, at 8:00 p.m., with the following speakers:<\/p>\n<p>Ignacio Mart\u00edn-Lerma and Didac Rom\u00e1n, co-directors of the cave research project (which was discovered by the Los Almadenes Speleology Group in 1993).<\/p>\n<p>Pedro R\u00edos, from the GECA group of OJE Cieza, who worked on this discovery of the new gallery.<\/p>\n<p>Joaqu\u00edn Salmer\u00f3n, director of the Historical Heritage Service of the Cieza City Council.<\/p>\n<p>Pascual Lucas, mayor of Cieza.<\/p>\n<p>&nbsp;<\/p>","protected":false},"excerpt":{"rendered":"<p>A project led by doctors in prehistory Ignacio Mart\u00edn Lerma and D\u00eddac Rom\u00e1n, which is having a global impact.<\/p>","protected":false},"author":1,"featured_media":10759,"comment_status":"open","ping_status":"closed","sticky":false,"template":"","format":"standard","meta":{"_et_pb_use_builder":"","_et_pb_old_content":"","_et_gb_content_width":"","footnotes":""},"categories":[2],"tags":[],"amp_enabled":true,"_links":{"self":[{"href":"https:\/\/ciezaentumano.com\/en\/wp-json\/wp\/v2\/posts\/10758"}],"collection":[{"href":"https:\/\/ciezaentumano.com\/en\/wp-json\/wp\/v2\/posts"}],"about":[{"href":"https:\/\/ciezaentumano.com\/en\/wp-json\/wp\/v2\/types\/post"}],"author":[{"embeddable":true,"href":"https:\/\/ciezaentumano.com\/en\/wp-json\/wp\/v2\/users\/1"}],"replies":[{"embeddable":true,"href":"https:\/\/ciezaentumano.com\/en\/wp-json\/wp\/v2\/comments?post=10758"}],"version-history":[{"count":1,"href":"https:\/\/ciezaentumano.com\/en\/wp-json\/wp\/v2\/posts\/10758\/revisions"}],"predecessor-version":[{"id":10760,"href":"https:\/\/ciezaentumano.com\/en\/wp-json\/wp\/v2\/posts\/10758\/revisions\/10760"}],"wp:featuredmedia":[{"embeddable":true,"href":"https:\/\/ciezaentumano.com\/en\/wp-json\/wp\/v2\/media\/10759"}],"wp:attachment":[{"href":"https:\/\/ciezaentumano.com\/en\/wp-json\/wp\/v2\/media?parent=10758"}],"wp:term":[{"taxonomy":"category","embeddable":true,"href":"https:\/\/ciezaentumano.com\/en\/wp-json\/wp\/v2\/categories?post=10758"},{"taxonomy":"post_tag","embeddable":true,"href":"https:\/\/ciezaentumano.com\/en\/wp-json\/wp\/v2\/tags?post=10758"}],"curies":[{"name":"wp","href":"https:\/\/api.w.org\/{rel}","templated":true}]}}