{"id":10781,"date":"2023-02-15T00:46:54","date_gmt":"2023-02-14T23:46:54","guid":{"rendered":"https:\/\/ciezaentumano.com\/?p=10781"},"modified":"2023-02-17T00:59:29","modified_gmt":"2023-02-16T23:59:29","slug":"vuelve-el-programa-radiofonico-cofrade-bajo-las-andas","status":"publish","type":"post","link":"https:\/\/ciezaentumano.com\/en\/vuelve-el-programa-radiofonico-cofrade-bajo-las-andas\/","title":{"rendered":"The brotherhood radio program &quot;Bajo las Andas&quot; returns"},"content":{"rendered":"<p>The brotherhood radio program &quot;Bajo las Andas&quot; is back; it&#039;s organized by the Board of Passion Brotherhoods of Cieza, specifically by the Training Committee, in collaboration with the local radio station Onda Cieza (106.6 FM). This year, instead of broadcasting on Thursdays, it will be broadcast every Wednesday during Lent, from 4:00 p.m. to 5:00 p.m.<\/p>\n<p>The first program will be broadcast on the first Wednesday of Lent, Ash Wednesday, February 22nd. This year we will once again hear the voices of \u00c1ngel F. Penalva, training representative of the Board of Passion Brotherhoods of Cieza; Elvira L\u00f3pez, broadcaster for Onda Cieza; Alejo J. Lucas, a journalist from Cieza; and Jorge Carretero, communications representative of the Board of Passion Brotherhoods of Cieza. As a new feature, we will also hear the voices of In\u00e9s Garc\u00eda, charity representative of the Board of Passion Brotherhoods of Cieza; and Eduardo Berm\u00fadez, youth representative of the Brotherhood of Santa Mar\u00eda Magdalena. This year, the program will also be broadcast live on Fibranet.<\/p>\n<p>The programs will air every Wednesday during Lent, from 4:00 p.m. to 5:00 p.m., on Onda Cieza (106.6 FM) and on the Facebook page of the Junta de Hermandades Pasionarias de Cieza (Semana Santa Cieza or @JHPCieza). The program will later be posted on iVoox and Spotify (Bajo las Andas).<\/p>","protected":false},"excerpt":{"rendered":"<p>Radio program organized by the Board of Passion Brotherhoods of Cieza, specifically by the Training Committee.<\/p>","protected":false},"author":1,"featured_media":4459,"comment_status":"open","ping_status":"closed","sticky":false,"template":"","format":"standard","meta":{"_et_pb_use_builder":"","_et_pb_old_content":"","_et_gb_content_width":"","footnotes":""},"categories":[18],"tags":[],"amp_enabled":true,"_links":{"self":[{"href":"https:\/\/ciezaentumano.com\/en\/wp-json\/wp\/v2\/posts\/10781"}],"collection":[{"href":"https:\/\/ciezaentumano.com\/en\/wp-json\/wp\/v2\/posts"}],"about":[{"href":"https:\/\/ciezaentumano.com\/en\/wp-json\/wp\/v2\/types\/post"}],"author":[{"embeddable":true,"href":"https:\/\/ciezaentumano.com\/en\/wp-json\/wp\/v2\/users\/1"}],"replies":[{"embeddable":true,"href":"https:\/\/ciezaentumano.com\/en\/wp-json\/wp\/v2\/comments?post=10781"}],"version-history":[{"count":1,"href":"https:\/\/ciezaentumano.com\/en\/wp-json\/wp\/v2\/posts\/10781\/revisions"}],"predecessor-version":[{"id":10782,"href":"https:\/\/ciezaentumano.com\/en\/wp-json\/wp\/v2\/posts\/10781\/revisions\/10782"}],"wp:featuredmedia":[{"embeddable":true,"href":"https:\/\/ciezaentumano.com\/en\/wp-json\/wp\/v2\/media\/4459"}],"wp:attachment":[{"href":"https:\/\/ciezaentumano.com\/en\/wp-json\/wp\/v2\/media?parent=10781"}],"wp:term":[{"taxonomy":"category","embeddable":true,"href":"https:\/\/ciezaentumano.com\/en\/wp-json\/wp\/v2\/categories?post=10781"},{"taxonomy":"post_tag","embeddable":true,"href":"https:\/\/ciezaentumano.com\/en\/wp-json\/wp\/v2\/tags?post=10781"}],"curies":[{"name":"wp","href":"https:\/\/api.w.org\/{rel}","templated":true}]}}