{"id":10797,"date":"2023-02-20T15:31:12","date_gmt":"2023-02-20T14:31:12","guid":{"rendered":"https:\/\/ciezaentumano.com\/?p=10797"},"modified":"2023-05-22T23:08:30","modified_gmt":"2023-05-22T21:08:30","slug":"ciclo-conferencias-patrimonio-historico-de-cieza","status":"publish","type":"post","link":"https:\/\/ciezaentumano.com\/en\/ciclo-conferencias-patrimonio-historico-de-cieza\/","title":{"rendered":"Series of lectures on the Historical Heritage of Cieza"},"content":{"rendered":"<p dir=\"auto\">Next Wednesday, February 22, the &#039;Cycle Traces of our Past: Cieza and its Heritage&#039; organized by the Fray Pasqual Salmer\u00f3n Center for Historical Studies will begin with the participation of all the architects of its excavation: Mar\u00eda Jos\u00e9 Morcillo S\u00e1nchez, Luis de Miquel Santed, Antonio Manuel Poveda Navarro, Joaqu\u00edn Salmer\u00f3n Juan and Olga Mar\u00eda Briones Jim\u00e9nez, who will offer us their results in a joint talk entitled &#039;Bolvax 2023. Archaeological News and Future Projects&#039;.<\/p>\n<div dir=\"auto\"><\/div>\n<p dir=\"auto\">The talk will take place at the Padre Salmer\u00f3n Library in Cieza, starting at 7:30 p.m.<\/p>\n<p dir=\"auto\">.<\/p>\n<div dir=\"auto\"><\/div>\n<div dir=\"auto\"><img loading=\"lazy\" decoding=\"async\" class=\"size-large wp-image-10800 aligncenter\" src=\"https:\/\/ciezaentumano.com\/wp-content\/uploads\/2023\/02\/ciclo-conferencias-patrimonio-bolvax-cieza.-1024x732.jpg\" alt=\"\" width=\"1024\" height=\"732\" srcset=\"https:\/\/ciezaentumano.com\/wp-content\/uploads\/2023\/02\/ciclo-conferencias-patrimonio-bolvax-cieza.-980x700.jpg 980w, https:\/\/ciezaentumano.com\/wp-content\/uploads\/2023\/02\/ciclo-conferencias-patrimonio-bolvax-cieza.-480x343.jpg 480w\" sizes=\"(min-width: 0px) and (max-width: 480px) 480px, (min-width: 481px) and (max-width: 980px) 980px, (min-width: 981px) 1024px, 100vw\" \/><\/div>","protected":false},"excerpt":{"rendered":"<p>&quot;Bolvax 2023. Archaeological News and Future Projects&quot; is the first talk, which will take place at the Padre Salmer\u00f3n Library starting at 7:30 p.m.<\/p>","protected":false},"author":1,"featured_media":10799,"comment_status":"open","ping_status":"closed","sticky":false,"template":"","format":"standard","meta":{"_et_pb_use_builder":"","_et_pb_old_content":"","_et_gb_content_width":"","footnotes":""},"categories":[2],"tags":[],"amp_enabled":true,"_links":{"self":[{"href":"https:\/\/ciezaentumano.com\/en\/wp-json\/wp\/v2\/posts\/10797"}],"collection":[{"href":"https:\/\/ciezaentumano.com\/en\/wp-json\/wp\/v2\/posts"}],"about":[{"href":"https:\/\/ciezaentumano.com\/en\/wp-json\/wp\/v2\/types\/post"}],"author":[{"embeddable":true,"href":"https:\/\/ciezaentumano.com\/en\/wp-json\/wp\/v2\/users\/1"}],"replies":[{"embeddable":true,"href":"https:\/\/ciezaentumano.com\/en\/wp-json\/wp\/v2\/comments?post=10797"}],"version-history":[{"count":5,"href":"https:\/\/ciezaentumano.com\/en\/wp-json\/wp\/v2\/posts\/10797\/revisions"}],"predecessor-version":[{"id":10804,"href":"https:\/\/ciezaentumano.com\/en\/wp-json\/wp\/v2\/posts\/10797\/revisions\/10804"}],"wp:featuredmedia":[{"embeddable":true,"href":"https:\/\/ciezaentumano.com\/en\/wp-json\/wp\/v2\/media\/10799"}],"wp:attachment":[{"href":"https:\/\/ciezaentumano.com\/en\/wp-json\/wp\/v2\/media?parent=10797"}],"wp:term":[{"taxonomy":"category","embeddable":true,"href":"https:\/\/ciezaentumano.com\/en\/wp-json\/wp\/v2\/categories?post=10797"},{"taxonomy":"post_tag","embeddable":true,"href":"https:\/\/ciezaentumano.com\/en\/wp-json\/wp\/v2\/tags?post=10797"}],"curies":[{"name":"wp","href":"https:\/\/api.w.org\/{rel}","templated":true}]}}