{"id":10839,"date":"2023-02-26T14:28:14","date_gmt":"2023-02-26T13:28:14","guid":{"rendered":"https:\/\/ciezaentumano.com\/?p=10839"},"modified":"2023-03-05T11:37:55","modified_gmt":"2023-03-05T10:37:55","slug":"de-vuelta-al-invierno","status":"publish","type":"post","link":"https:\/\/ciezaentumano.com\/en\/de-vuelta-al-invierno\/","title":{"rendered":"Back to winter"},"content":{"rendered":"<p>A week in which outerwear will once again be necessary with the drop in temperatures and possible light frosts.<\/p>\n<p>&nbsp;<\/p>\n<p>The sky between Monday and Thursday will remain partly cloudy or clear, with the exception of some high cloud intervals on Wednesday afternoon. Between Thursday and Sunday, the sky will be partly cloudy and cloudy, with occasional light precipitation not being ruled out, which is more likely during Friday afternoon.<\/p>\n<p>&nbsp;<\/p>\n<p>Minimum temperatures will drop to between -1\u00baC and 2\u00baC, potentially creating light frosts in open areas of our gardens. Maximum temperatures will also drop to between 11\u00baC on Monday and Tuesday and 15\u00baC on Wednesday, Thursday, and Friday, rising to 17\u00baC over the weekend.<\/p>\n<p>&nbsp;<\/p>\n<p>The wind will blow from the north and northwest, light with moderate intervals during the afternoons.<\/p>\n<p>&nbsp;<\/p>\n<p>&nbsp;<\/p>","protected":false},"excerpt":{"rendered":"<p>Semana en la que el abrigo va a volver ser necesario con la bajada de temperaturas y posibles heladas d\u00e9biles. &nbsp; El cielo entre el lunes y el jueves permanecer\u00e1 poco nuboso o despejado a excepci\u00f3n de algunos intervalos de nubes altas la tarde del mi\u00e9rcoles, entre el jueves y el domingo el cielo se [&hellip;]<\/p>","protected":false},"author":1,"featured_media":10840,"comment_status":"open","ping_status":"closed","sticky":false,"template":"","format":"standard","meta":{"_et_pb_use_builder":"","_et_pb_old_content":"","_et_gb_content_width":"","footnotes":""},"categories":[18],"tags":[],"amp_enabled":true,"_links":{"self":[{"href":"https:\/\/ciezaentumano.com\/en\/wp-json\/wp\/v2\/posts\/10839"}],"collection":[{"href":"https:\/\/ciezaentumano.com\/en\/wp-json\/wp\/v2\/posts"}],"about":[{"href":"https:\/\/ciezaentumano.com\/en\/wp-json\/wp\/v2\/types\/post"}],"author":[{"embeddable":true,"href":"https:\/\/ciezaentumano.com\/en\/wp-json\/wp\/v2\/users\/1"}],"replies":[{"embeddable":true,"href":"https:\/\/ciezaentumano.com\/en\/wp-json\/wp\/v2\/comments?post=10839"}],"version-history":[{"count":2,"href":"https:\/\/ciezaentumano.com\/en\/wp-json\/wp\/v2\/posts\/10839\/revisions"}],"predecessor-version":[{"id":10842,"href":"https:\/\/ciezaentumano.com\/en\/wp-json\/wp\/v2\/posts\/10839\/revisions\/10842"}],"wp:featuredmedia":[{"embeddable":true,"href":"https:\/\/ciezaentumano.com\/en\/wp-json\/wp\/v2\/media\/10840"}],"wp:attachment":[{"href":"https:\/\/ciezaentumano.com\/en\/wp-json\/wp\/v2\/media?parent=10839"}],"wp:term":[{"taxonomy":"category","embeddable":true,"href":"https:\/\/ciezaentumano.com\/en\/wp-json\/wp\/v2\/categories?post=10839"},{"taxonomy":"post_tag","embeddable":true,"href":"https:\/\/ciezaentumano.com\/en\/wp-json\/wp\/v2\/tags?post=10839"}],"curies":[{"name":"wp","href":"https:\/\/api.w.org\/{rel}","templated":true}]}}