{"id":10844,"date":"2023-02-27T17:42:09","date_gmt":"2023-02-27T16:42:09","guid":{"rendered":"https:\/\/ciezaentumano.com\/?p=10844"},"modified":"2023-03-14T15:23:16","modified_gmt":"2023-03-14T14:23:16","slug":"conferencia-la-mujer-en-la-comunidad-judia-de-sefarad","status":"publish","type":"post","link":"https:\/\/ciezaentumano.com\/en\/conferencia-la-mujer-en-la-comunidad-judia-de-sefarad\/","title":{"rendered":"Conference &quot;Women in the Jewish Community of Sefarad&quot;"},"content":{"rendered":"<div class=\"x11i5rnm xat24cr x1mh8g0r x1vvkbs xdj266r x126k92a\">\n<p dir=\"auto\">Tomorrow, Tuesday, February 28th, at 7:30 p.m. at the Siy\u00e2sa Museum, historian Mar\u00eda Elena G\u00f3mez Pons will give the lecture &quot;Women in the Jewish Community of Sefarad.&quot;<\/p>\n<\/div>\n<div dir=\"auto\"><\/div>\n<p dir=\"auto\">This conference is part of the &#039;First Seminar on the History of Women in Spain&#039;.<\/p>\n<div dir=\"auto\"><\/div>\n<p dir=\"auto\">All lectures will be held at 7:30 p.m. at the Siy\u00e2sa Museum.<\/p>\n<p dir=\"auto\"><img loading=\"lazy\" decoding=\"async\" class=\"size-large wp-image-10845 aligncenter\" src=\"https:\/\/ciezaentumano.com\/wp-content\/uploads\/2023\/02\/cartel-conferencias-voluntarios-de-siyasa-Cieza.-724x1024.jpg\" alt=\"\" width=\"724\" height=\"1024\" \/><\/p>\n<div dir=\"auto\"><\/div>\n<div class=\"x11i5rnm xat24cr x1mh8g0r x1vvkbs xtlvy1s x126k92a\">\n<p dir=\"auto\">Organized by:<\/p>\n<p dir=\"auto\">Association <a class=\"x1i10hfl xjbqb8w x6umtig x1b1mbwd xaqea5y xav7gou x9f619 x1ypdohk xt0psk2 xe8uvvx xdj266r x11i5rnm xat24cr x1mh8g0r xexx8yu x4uap5 x18d9i69 xkhd6sd x16tdsg8 x1hl2dhg xggy1nq x1a2a7pz xt0b8zv x1qq9wsj xo1l8bm\" tabindex=\"0\" role=\"link\" href=\"https:\/\/www.facebook.com\/VoluntariosDeSiyasa?__cft__[0]=AZWwLmeJnS67AZWTsU7RAhLLQSs3WQahiP6RqbtX_uxaaiMYBhbFdwm2yTn5r31WwKHG5Hs-t84Z7atReT8fEFfyuq02NlNp4FZDNNOiUaeyup7uk103c2tNtBjOzkGb4joQcMJP1WoIJOZ-JeSO6rYUNu7cRu0qgbqwLsXatVGMfJHbRDAga8MElKqllbrQx6M&amp;__tn__=-]K-R\" target=\"_blank\" rel=\"noopener\"><span class=\"xt0psk2\">Siy\u00e2sa Volunteers<\/span><\/a> .<\/p>\n<\/div>","protected":false},"excerpt":{"rendered":"<p>Ma\u00f1ana martes 28 de febrero, a las 19.30 h. en el Museo de Siy\u00e2sa, la historiadora Mar\u00eda Elena G\u00f3mez Pons nos ofrecer\u00e1 la conferencia \u00abLa mujer en la comunidad jud\u00eda de Sefarad\u00bb. Esta conferencia viene englobada dentro del &#8216;I Seminario entorno a la historia de la mujer en Espa\u00f1a&#8217;. Todas las conferencias ser\u00e1n a las [&hellip;]<\/p>","protected":false},"author":1,"featured_media":10845,"comment_status":"open","ping_status":"closed","sticky":false,"template":"","format":"standard","meta":{"_et_pb_use_builder":"","_et_pb_old_content":"","_et_gb_content_width":"","footnotes":""},"categories":[2],"tags":[],"amp_enabled":true,"_links":{"self":[{"href":"https:\/\/ciezaentumano.com\/en\/wp-json\/wp\/v2\/posts\/10844"}],"collection":[{"href":"https:\/\/ciezaentumano.com\/en\/wp-json\/wp\/v2\/posts"}],"about":[{"href":"https:\/\/ciezaentumano.com\/en\/wp-json\/wp\/v2\/types\/post"}],"author":[{"embeddable":true,"href":"https:\/\/ciezaentumano.com\/en\/wp-json\/wp\/v2\/users\/1"}],"replies":[{"embeddable":true,"href":"https:\/\/ciezaentumano.com\/en\/wp-json\/wp\/v2\/comments?post=10844"}],"version-history":[{"count":1,"href":"https:\/\/ciezaentumano.com\/en\/wp-json\/wp\/v2\/posts\/10844\/revisions"}],"predecessor-version":[{"id":10846,"href":"https:\/\/ciezaentumano.com\/en\/wp-json\/wp\/v2\/posts\/10844\/revisions\/10846"}],"wp:featuredmedia":[{"embeddable":true,"href":"https:\/\/ciezaentumano.com\/en\/wp-json\/wp\/v2\/media\/10845"}],"wp:attachment":[{"href":"https:\/\/ciezaentumano.com\/en\/wp-json\/wp\/v2\/media?parent=10844"}],"wp:term":[{"taxonomy":"category","embeddable":true,"href":"https:\/\/ciezaentumano.com\/en\/wp-json\/wp\/v2\/categories?post=10844"},{"taxonomy":"post_tag","embeddable":true,"href":"https:\/\/ciezaentumano.com\/en\/wp-json\/wp\/v2\/tags?post=10844"}],"curies":[{"name":"wp","href":"https:\/\/api.w.org\/{rel}","templated":true}]}}