{"id":10877,"date":"2023-03-02T01:28:41","date_gmt":"2023-03-02T00:28:41","guid":{"rendered":"https:\/\/ciezaentumano.com\/?p=10877"},"modified":"2023-03-07T01:33:12","modified_gmt":"2023-03-07T00:33:12","slug":"comienza-hilatura-de-letras-en-la-biblioteca-padre-salmeron","status":"publish","type":"post","link":"https:\/\/ciezaentumano.com\/en\/comienza-hilatura-de-letras-en-la-biblioteca-padre-salmeron\/","title":{"rendered":"&#039;Spinning Letters&#039; begins at the Padre Salmer\u00f3n Library"},"content":{"rendered":"<p align=\"justify\">The Department of Libraries, led by Mar\u00eda Ramos, is proposing a series of activities for the month of March at the Padre Salmer\u00f3n Library under the heading &quot;Hilatura de Letras&quot; (Spinning of Letters). These activities begin this Friday with a meeting with Planeta Prize finalist Cristina Campos at 8:20 p.m. Before that, at 7:30 p.m., there will be a concert by the Maestro G\u00f3mez Villa Conservatory brass quintet.<\/p>\n<p align=\"justify\">The following activities will revolve around Women&#039;s Day and will include a lecture on the 6th, &#039;Female Voices of the 27th&#039; by Jos\u00e9 Carrasco Molina; the 8th, the opening of the exhibition &#039;8 Women&#039;; and the 9th, the presentation of the &#039;Homage Notebook Antonio L\u00f3pez Saor\u00edn. A Ciezano in the Gusen (Mauthausen) Nazi Concentration Camp&#039; by Alfredo Mar\u00edn Cano.<\/p>\n<p align=\"justify\">On the 10th, storytelling and the lecture &quot;Ingenious Women. Discovering Murcian Inventors&quot; by Manuela Caballero. On the 14th, a lecture &quot;Siy\u00e2sa, an Andalusian Gem from the 11th to the 13th Centuries&quot; by Joaqu\u00edn Salmer\u00f3n and Mar\u00eda Jos\u00e9 Morcillo, as part of the lecture series &quot;Traces of Our Past: Cieza and its Heritage&quot; organized by the CEH Fray Pasqual Salmer\u00f3n. On the 20th, &quot;Cieza, Urban Origins&quot; by Fulgencio Angostos.<\/p>\n<p align=\"justify\">The 21st will be Poetry Day, with the children&#039;s show &quot;Po Po Po? Poetry,&quot; organized in collaboration with local schools. On the 22nd, the presentation of issue 31 of the magazine &quot;Andelma&quot; will take place. On the 23rd, the presentation of the poetry collection &quot;Days on Earth&quot; by \u00c1ngel Almela will take place. Finally, on the 24th, there will be storytelling and a poetry recital with students in grades 4, 5, and 6, who will read poetry by poets from Cieza.<\/p>\n<p align=\"justify\">\n<header>\n<div class=\"autor\">Source: Cieza City Council.<\/div>\n<\/header>","protected":false},"excerpt":{"rendered":"<p>The following activities will revolve around Women&#039;s Day and will include a conference on the 6th, &quot;Female Voices of the 27th,&quot; by Jos\u00e9 Carrasco Molina.<\/p>","protected":false},"author":1,"featured_media":10878,"comment_status":"open","ping_status":"closed","sticky":false,"template":"","format":"standard","meta":{"_et_pb_use_builder":"","_et_pb_old_content":"","_et_gb_content_width":"","footnotes":""},"categories":[2],"tags":[],"amp_enabled":true,"_links":{"self":[{"href":"https:\/\/ciezaentumano.com\/en\/wp-json\/wp\/v2\/posts\/10877"}],"collection":[{"href":"https:\/\/ciezaentumano.com\/en\/wp-json\/wp\/v2\/posts"}],"about":[{"href":"https:\/\/ciezaentumano.com\/en\/wp-json\/wp\/v2\/types\/post"}],"author":[{"embeddable":true,"href":"https:\/\/ciezaentumano.com\/en\/wp-json\/wp\/v2\/users\/1"}],"replies":[{"embeddable":true,"href":"https:\/\/ciezaentumano.com\/en\/wp-json\/wp\/v2\/comments?post=10877"}],"version-history":[{"count":1,"href":"https:\/\/ciezaentumano.com\/en\/wp-json\/wp\/v2\/posts\/10877\/revisions"}],"predecessor-version":[{"id":10879,"href":"https:\/\/ciezaentumano.com\/en\/wp-json\/wp\/v2\/posts\/10877\/revisions\/10879"}],"wp:featuredmedia":[{"embeddable":true,"href":"https:\/\/ciezaentumano.com\/en\/wp-json\/wp\/v2\/media\/10878"}],"wp:attachment":[{"href":"https:\/\/ciezaentumano.com\/en\/wp-json\/wp\/v2\/media?parent=10877"}],"wp:term":[{"taxonomy":"category","embeddable":true,"href":"https:\/\/ciezaentumano.com\/en\/wp-json\/wp\/v2\/categories?post=10877"},{"taxonomy":"post_tag","embeddable":true,"href":"https:\/\/ciezaentumano.com\/en\/wp-json\/wp\/v2\/tags?post=10877"}],"curies":[{"name":"wp","href":"https:\/\/api.w.org\/{rel}","templated":true}]}}