{"id":10880,"date":"2023-03-05T01:35:29","date_gmt":"2023-03-05T00:35:29","guid":{"rendered":"https:\/\/ciezaentumano.com\/?p=10880"},"modified":"2023-03-07T01:41:04","modified_gmt":"2023-03-07T00:41:04","slug":"se-presenta-el-poemario-la-luz-de-la-vida-de-jose-marin","status":"publish","type":"post","link":"https:\/\/ciezaentumano.com\/en\/se-presenta-el-poemario-la-luz-de-la-vida-de-jose-marin\/","title":{"rendered":"Jos\u00e9 Mar\u00edn&#039;s poetry collection &quot;The Light of Life&quot; is presented"},"content":{"rendered":"<p>Next Tuesday, March 7, at the Siy\u0101sa Jos\u00e9 Museum <span class=\"xt0psk2\">Mar\u00edn Salmer\u00f3n<\/span> At 7:30 p.m. he presents his poetry collection &quot;The Light of Life,&quot; together with Joaqu\u00edn Salmer\u00f3n Juan and Mar\u00eda Parra Soler.<\/p>","protected":false},"excerpt":{"rendered":"<p>On March 7, Jos\u00e9 Mar\u00edn Salmer\u00f3n presents his collection of poems &quot;The Light of Life&quot; at the Siy\u0101sa Museum, together with Joaqu\u00edn Salmer\u00f3n Juan.<\/p>","protected":false},"author":1,"featured_media":10881,"comment_status":"open","ping_status":"closed","sticky":false,"template":"","format":"standard","meta":{"_et_pb_use_builder":"","_et_pb_old_content":"","_et_gb_content_width":"","footnotes":""},"categories":[2],"tags":[],"amp_enabled":true,"_links":{"self":[{"href":"https:\/\/ciezaentumano.com\/en\/wp-json\/wp\/v2\/posts\/10880"}],"collection":[{"href":"https:\/\/ciezaentumano.com\/en\/wp-json\/wp\/v2\/posts"}],"about":[{"href":"https:\/\/ciezaentumano.com\/en\/wp-json\/wp\/v2\/types\/post"}],"author":[{"embeddable":true,"href":"https:\/\/ciezaentumano.com\/en\/wp-json\/wp\/v2\/users\/1"}],"replies":[{"embeddable":true,"href":"https:\/\/ciezaentumano.com\/en\/wp-json\/wp\/v2\/comments?post=10880"}],"version-history":[{"count":1,"href":"https:\/\/ciezaentumano.com\/en\/wp-json\/wp\/v2\/posts\/10880\/revisions"}],"predecessor-version":[{"id":10882,"href":"https:\/\/ciezaentumano.com\/en\/wp-json\/wp\/v2\/posts\/10880\/revisions\/10882"}],"wp:featuredmedia":[{"embeddable":true,"href":"https:\/\/ciezaentumano.com\/en\/wp-json\/wp\/v2\/media\/10881"}],"wp:attachment":[{"href":"https:\/\/ciezaentumano.com\/en\/wp-json\/wp\/v2\/media?parent=10880"}],"wp:term":[{"taxonomy":"category","embeddable":true,"href":"https:\/\/ciezaentumano.com\/en\/wp-json\/wp\/v2\/categories?post=10880"},{"taxonomy":"post_tag","embeddable":true,"href":"https:\/\/ciezaentumano.com\/en\/wp-json\/wp\/v2\/tags?post=10880"}],"curies":[{"name":"wp","href":"https:\/\/api.w.org\/{rel}","templated":true}]}}