{"id":10909,"date":"2023-03-08T01:17:54","date_gmt":"2023-03-08T00:17:54","guid":{"rendered":"https:\/\/ciezaentumano.com\/?p=10909"},"modified":"2023-03-09T01:23:06","modified_gmt":"2023-03-09T00:23:06","slug":"renuevan-el-consejo-de-la-sede-permanente-de-la-universidad-de-murcia","status":"publish","type":"post","link":"https:\/\/ciezaentumano.com\/en\/renuevan-el-consejo-de-la-sede-permanente-de-la-universidad-de-murcia\/","title":{"rendered":"The board of the permanent headquarters of the University of Murcia is renewed."},"content":{"rendered":"<p>Last Tuesday, the mayor of Cieza, Pascual Lucas, and the vice-dean of training at the University of Murcia, Vanesa Rojas, signed the agreement to renew the board of the permanent headquarters of the University of Murcia.<\/p>\n<p>The new coordinator of the permanent headquarters, Trinidad Cutanda, and the councilors for youth and education, Marta S\u00e1nchez and Mar\u00eda Ramos, also attended the event. In addition to those mentioned above, Conchi Villa, Pedro Camacho, and Jos\u00e9 V\u00edctor Villalba will also be part of the council.<\/p>\n<p>During the meeting, strategic lines of work were outlined for the coming months, with priorities being digital literacy, fieldwork related to agriculture, tourism, and training.<\/p>\n<p>Pascual Lucas is very satisfied with the work carried out by the University&#039;s permanent headquarters in recent years, led by Mar\u00eda Semitiel, and is hopeful about the new projects of the new council.<\/p>\n<p>&nbsp;<\/p>\n<p>Source: Cieza City Council.<\/p>","protected":false},"excerpt":{"rendered":"<p>During the meeting, strategic lines of work were outlined for the coming months, with priorities being digital literacy, fieldwork related to agriculture, tourism, and training.<\/p>","protected":false},"author":1,"featured_media":10910,"comment_status":"open","ping_status":"closed","sticky":false,"template":"","format":"standard","meta":{"_et_pb_use_builder":"","_et_pb_old_content":"","_et_gb_content_width":"","footnotes":""},"categories":[18],"tags":[],"amp_enabled":true,"_links":{"self":[{"href":"https:\/\/ciezaentumano.com\/en\/wp-json\/wp\/v2\/posts\/10909"}],"collection":[{"href":"https:\/\/ciezaentumano.com\/en\/wp-json\/wp\/v2\/posts"}],"about":[{"href":"https:\/\/ciezaentumano.com\/en\/wp-json\/wp\/v2\/types\/post"}],"author":[{"embeddable":true,"href":"https:\/\/ciezaentumano.com\/en\/wp-json\/wp\/v2\/users\/1"}],"replies":[{"embeddable":true,"href":"https:\/\/ciezaentumano.com\/en\/wp-json\/wp\/v2\/comments?post=10909"}],"version-history":[{"count":1,"href":"https:\/\/ciezaentumano.com\/en\/wp-json\/wp\/v2\/posts\/10909\/revisions"}],"predecessor-version":[{"id":10911,"href":"https:\/\/ciezaentumano.com\/en\/wp-json\/wp\/v2\/posts\/10909\/revisions\/10911"}],"wp:featuredmedia":[{"embeddable":true,"href":"https:\/\/ciezaentumano.com\/en\/wp-json\/wp\/v2\/media\/10910"}],"wp:attachment":[{"href":"https:\/\/ciezaentumano.com\/en\/wp-json\/wp\/v2\/media?parent=10909"}],"wp:term":[{"taxonomy":"category","embeddable":true,"href":"https:\/\/ciezaentumano.com\/en\/wp-json\/wp\/v2\/categories?post=10909"},{"taxonomy":"post_tag","embeddable":true,"href":"https:\/\/ciezaentumano.com\/en\/wp-json\/wp\/v2\/tags?post=10909"}],"curies":[{"name":"wp","href":"https:\/\/api.w.org\/{rel}","templated":true}]}}