{"id":10998,"date":"2023-03-20T01:16:51","date_gmt":"2023-03-20T00:16:51","guid":{"rendered":"https:\/\/ciezaentumano.com\/?p=10998"},"modified":"2023-05-15T14:25:32","modified_gmt":"2023-05-15T12:25:32","slug":"nueva-exposicion-del-ciezano-jose-maria-camara-salmeron","status":"publish","type":"post","link":"https:\/\/ciezaentumano.com\/en\/nueva-exposicion-del-ciezano-jose-maria-camara-salmeron\/","title":{"rendered":"New exhibition by Jos\u00e9 Mar\u00eda C\u00e1mara Salmer\u00f3n from Cieza"},"content":{"rendered":"<div dir=\"auto\">&quot;The Passion of Light&quot; is Jos\u00e9 Mar\u00eda C\u00e1mara Salmer\u00f3n&#039;s first and newest solo exhibition, opening this Thursday, March 23rd, in the main hall of the Siy\u00e2sa Museum at 8:00 p.m.<\/div>\n<div dir=\"auto\"><\/div>\n<div dir=\"auto\">The exhibition will be open from March 23 to April 26 at the Siy\u00e2sa Museum, San Sebasti\u00e1n Street 17, during regular opening hours.<\/div>","protected":false},"excerpt":{"rendered":"<p>The exhibition will be open from March 23 to April 26 at the Siy\u00e2sa Museum, San Sebasti\u00e1n Street 17, during regular opening hours.<\/p>","protected":false},"author":1,"featured_media":10999,"comment_status":"open","ping_status":"closed","sticky":false,"template":"","format":"standard","meta":{"_et_pb_use_builder":"","_et_pb_old_content":"","_et_gb_content_width":"","footnotes":""},"categories":[2],"tags":[],"amp_enabled":true,"_links":{"self":[{"href":"https:\/\/ciezaentumano.com\/en\/wp-json\/wp\/v2\/posts\/10998"}],"collection":[{"href":"https:\/\/ciezaentumano.com\/en\/wp-json\/wp\/v2\/posts"}],"about":[{"href":"https:\/\/ciezaentumano.com\/en\/wp-json\/wp\/v2\/types\/post"}],"author":[{"embeddable":true,"href":"https:\/\/ciezaentumano.com\/en\/wp-json\/wp\/v2\/users\/1"}],"replies":[{"embeddable":true,"href":"https:\/\/ciezaentumano.com\/en\/wp-json\/wp\/v2\/comments?post=10998"}],"version-history":[{"count":1,"href":"https:\/\/ciezaentumano.com\/en\/wp-json\/wp\/v2\/posts\/10998\/revisions"}],"predecessor-version":[{"id":11000,"href":"https:\/\/ciezaentumano.com\/en\/wp-json\/wp\/v2\/posts\/10998\/revisions\/11000"}],"wp:featuredmedia":[{"embeddable":true,"href":"https:\/\/ciezaentumano.com\/en\/wp-json\/wp\/v2\/media\/10999"}],"wp:attachment":[{"href":"https:\/\/ciezaentumano.com\/en\/wp-json\/wp\/v2\/media?parent=10998"}],"wp:term":[{"taxonomy":"category","embeddable":true,"href":"https:\/\/ciezaentumano.com\/en\/wp-json\/wp\/v2\/categories?post=10998"},{"taxonomy":"post_tag","embeddable":true,"href":"https:\/\/ciezaentumano.com\/en\/wp-json\/wp\/v2\/tags?post=10998"}],"curies":[{"name":"wp","href":"https:\/\/api.w.org\/{rel}","templated":true}]}}