{"id":11018,"date":"2023-03-21T00:22:37","date_gmt":"2023-03-20T23:22:37","guid":{"rendered":"https:\/\/ciezaentumano.com\/?p=11018"},"modified":"2023-03-22T00:28:15","modified_gmt":"2023-03-21T23:28:15","slug":"ilu-ros-presenta-su-novela-grafica-una-trilogia-rural-en-cieza","status":"publish","type":"post","link":"https:\/\/ciezaentumano.com\/en\/ilu-ros-presenta-su-novela-grafica-una-trilogia-rural-en-cieza\/","title":{"rendered":"Ilu Ros presents her graphic novel &quot;A Rural Trilogy&quot; in Cieza"},"content":{"rendered":"<div class=\"x11i5rnm xat24cr x1mh8g0r x1vvkbs xdj266r x126k92a\">\n<div dir=\"auto\">\n<div class=\"x11i5rnm xat24cr x1mh8g0r x1vvkbs xdj266r x126k92a\">\n<div dir=\"auto\"><span class=\"x3nfvp2 x1j61x8r x1fcty0u xdj266r xhhsvwb xat24cr xgzva0m xxymvpz xlup9mm x1kky2od\"><img loading=\"lazy\" decoding=\"async\" src=\"https:\/\/static.xx.fbcdn.net\/images\/emoji.php\/v9\/t49\/1\/16\/1f4da.png\" alt=\"\ud83d\udcda\" width=\"16\" height=\"16\" \/><\/span>Presentation of the book &quot;A Rural Trilogy&quot;, Ilu Ros<\/div>\n<div dir=\"auto\"><\/div>\n<\/div>\n<div class=\"x11i5rnm xat24cr x1mh8g0r x1vvkbs xtlvy1s x126k92a\">\n<div dir=\"auto\"><span class=\"xt0psk2\">Ilu Ros<\/span> will present her new work, the book &#039;A Rural Trilogy&#039;, accompanied by Manuel Madrid, a journalist from the Culture section of the newspaper La Verdad.<\/div>\n<\/div>\n<\/div>\n<div dir=\"auto\"><\/div>\n<\/div>\n<div class=\"x11i5rnm xat24cr x1mh8g0r x1vvkbs xtlvy1s x126k92a\">\n<div dir=\"auto\">Elvira Lindo, for example, has said of her: &quot;The great draftsman and storyteller Ilu Ros now tackles the life and work of Federico Garc\u00eda Lorca. Her Federico is full of passion, art, life, and poetry. A fine and rigorous documentary work illustrated with her free, evocative, and highly personal strokes. A gem.&quot;<\/div>\n<div dir=\"auto\"><\/div>\n<div dir=\"auto\">Praise that has been shared by Luis Garc\u00eda Montero, Manuel Rodr\u00edguez Rivero (El Pa\u00eds), Andreu Buenafuente, Sergio del Molino and a long list of authors and journalists.<\/div>\n<div dir=\"auto\"><\/div>\n<\/div>\n<div class=\"x11i5rnm xat24cr x1mh8g0r x1vvkbs xtlvy1s x126k92a\">\n<div dir=\"auto\"><span class=\"x3nfvp2 x1j61x8r x1fcty0u xdj266r xhhsvwb xat24cr xgzva0m xxymvpz xlup9mm x1kky2od\"><img loading=\"lazy\" decoding=\"async\" src=\"https:\/\/static.xx.fbcdn.net\/images\/emoji.php\/v9\/tff\/1\/16\/1f4c6.png\" alt=\"\ud83d\udcc6\" width=\"16\" height=\"16\" \/><\/span>Wednesday, March 22, 7:30 p.m., Atalaya Club, Ateneo de la Villa.<\/div>\n<\/div>","protected":false},"excerpt":{"rendered":"<p>Ilu Ros presents her new work, the book &quot;A Rural Trilogy,&quot; accompanied by Manuel Madrid, a culture journalist from the newspaper La Verdad.<\/p>","protected":false},"author":1,"featured_media":11019,"comment_status":"open","ping_status":"closed","sticky":false,"template":"","format":"standard","meta":{"_et_pb_use_builder":"","_et_pb_old_content":"","_et_gb_content_width":"","footnotes":""},"categories":[2],"tags":[],"amp_enabled":true,"_links":{"self":[{"href":"https:\/\/ciezaentumano.com\/en\/wp-json\/wp\/v2\/posts\/11018"}],"collection":[{"href":"https:\/\/ciezaentumano.com\/en\/wp-json\/wp\/v2\/posts"}],"about":[{"href":"https:\/\/ciezaentumano.com\/en\/wp-json\/wp\/v2\/types\/post"}],"author":[{"embeddable":true,"href":"https:\/\/ciezaentumano.com\/en\/wp-json\/wp\/v2\/users\/1"}],"replies":[{"embeddable":true,"href":"https:\/\/ciezaentumano.com\/en\/wp-json\/wp\/v2\/comments?post=11018"}],"version-history":[{"count":1,"href":"https:\/\/ciezaentumano.com\/en\/wp-json\/wp\/v2\/posts\/11018\/revisions"}],"predecessor-version":[{"id":11020,"href":"https:\/\/ciezaentumano.com\/en\/wp-json\/wp\/v2\/posts\/11018\/revisions\/11020"}],"wp:featuredmedia":[{"embeddable":true,"href":"https:\/\/ciezaentumano.com\/en\/wp-json\/wp\/v2\/media\/11019"}],"wp:attachment":[{"href":"https:\/\/ciezaentumano.com\/en\/wp-json\/wp\/v2\/media?parent=11018"}],"wp:term":[{"taxonomy":"category","embeddable":true,"href":"https:\/\/ciezaentumano.com\/en\/wp-json\/wp\/v2\/categories?post=11018"},{"taxonomy":"post_tag","embeddable":true,"href":"https:\/\/ciezaentumano.com\/en\/wp-json\/wp\/v2\/tags?post=11018"}],"curies":[{"name":"wp","href":"https:\/\/api.w.org\/{rel}","templated":true}]}}