{"id":11026,"date":"2023-03-25T09:29:08","date_gmt":"2023-03-25T08:29:08","guid":{"rendered":"https:\/\/ciezaentumano.com\/?p=11026"},"modified":"2023-03-29T01:03:01","modified_gmt":"2023-03-28T23:03:01","slug":"pregon-de-semana-santa-de-cieza","status":"publish","type":"post","link":"https:\/\/ciezaentumano.com\/en\/pregon-de-semana-santa-de-cieza\/","title":{"rendered":"Holy Week Proclamation of Cieza"},"content":{"rendered":"<div class=\"x11i5rnm xat24cr x1mh8g0r x1vvkbs xdj266r x126k92a\">\n<div dir=\"auto\">Tomorrow, Sunday, the opening ceremony of Holy Week in Cieza will take place, with the events detailed below.<\/div>\n<div dir=\"auto\"><\/div>\n<div dir=\"auto\">Sunday, March 26.<\/div>\n<div dir=\"auto\">.<\/div>\n<div dir=\"auto\"><\/div>\n<\/div>\n<div class=\"x11i5rnm xat24cr x1mh8g0r x1vvkbs xtlvy1s x126k92a\">\n<div dir=\"auto\">Events of the Proclamation of Holy Week in Cieza 2023.<\/div>\n<div dir=\"auto\"><\/div>\n<div dir=\"auto\">.<\/div>\n<\/div>\n<div class=\"x11i5rnm xat24cr x1mh8g0r x1vvkbs xtlvy1s x126k92a\">\n<div dir=\"auto\">At 10:00 a.m. Plenary Hall of the Cieza Town Hall.<\/div>\n<div dir=\"auto\"><\/div>\n<div dir=\"auto\"><\/div>\n<\/div>\n<div class=\"x11i5rnm xat24cr x1mh8g0r x1vvkbs xtlvy1s x126k92a\">\n<div dir=\"auto\">\u2013 Call ceremony with the attendance of Brotherhoods and Municipal Corporation.<\/div>\n<div dir=\"auto\">.<\/div>\n<\/div>\n<div class=\"x11i5rnm xat24cr x1mh8g0r x1vvkbs xtlvy1s x126k92a\">\n<div dir=\"auto\">At 10:30 a.m. From the Plaza Mayor.<\/div>\n<div dir=\"auto\"><\/div>\n<div dir=\"auto\"><\/div>\n<\/div>\n<div class=\"x11i5rnm xat24cr x1mh8g0r x1vvkbs xtlvy1s x126k92a\">\n<div dir=\"auto\">\u2013 Processional Transfer of the Banners of the Brotherhoods and Fraternities to the Basilica of Our Lady of the Assumption.<\/div>\n<div dir=\"auto\"><\/div>\n<div dir=\"auto\"><\/div>\n<\/div>\n<div class=\"x11i5rnm xat24cr x1mh8g0r x1vvkbs xtlvy1s x126k92a\">\n<div dir=\"auto\">Itinerary: Plaza Mayor, Cid, La Parra, Plaza del Comisario, Rinc\u00f3n de los Pinos, Larga, Buitragos, San Sebasti\u00e1n, Esquina del Convento, Paseo, Salvador Segu\u00ed, Buen Suceso and Mesones.<\/div>\n<div dir=\"auto\">.<\/div>\n<div dir=\"auto\"><\/div>\n<\/div>\n<div class=\"x11i5rnm xat24cr x1mh8g0r x1vvkbs xtlvy1s x126k92a\">\n<div dir=\"auto\">At 12:00 pm. Monument to Holy Week in Cieza.<\/div>\n<div dir=\"auto\"><\/div>\n<div dir=\"auto\"><\/div>\n<\/div>\n<div class=\"x11i5rnm xat24cr x1mh8g0r x1vvkbs xtlvy1s x126k92a\">\n<div dir=\"auto\">\u2013 Arrival of the Banners to pay homage to the deceased Ciezano Procession participants, after which the parade will continue through Cadenas, Barco, C\u00e1novas del Castillo, San Pedro and Plaza Mayor.<\/div>\n<div dir=\"auto\"><\/div>\n<div dir=\"auto\">.<\/div>\n<\/div>\n<div class=\"x11i5rnm xat24cr x1mh8g0r x1vvkbs xtlvy1s x126k92a\">\n<div dir=\"auto\">At 12:30 pm. Holy Week House-Museum of Cieza.<\/div>\n<div dir=\"auto\"><\/div>\n<div dir=\"auto\"><\/div>\n<div dir=\"auto\">\u2013 Reception for Authorities, Town Crier and Nazarene of the Year.<\/div>\n<div dir=\"auto\"><\/div>\n<div dir=\"auto\">.<\/div>\n<\/div>\n<div class=\"x11i5rnm xat24cr x1mh8g0r x1vvkbs xtlvy1s x126k92a\">\n<div dir=\"auto\">At 1:00 p.m. Basilica of Our Lady of the Assumption.<\/div>\n<div dir=\"auto\">\u2013 Easter Week proclamation by Javier Ramos Guardiola.<\/div>\n<div dir=\"auto\"><\/div>\n<div dir=\"auto\"><\/div>\n<\/div>\n<div class=\"x11i5rnm xat24cr x1mh8g0r x1vvkbs xtlvy1s x126k92a\">\n<div dir=\"auto\">\u2013 Opening concert by the Cieza Municipal Music Band, directed by Mr. Gin\u00e9s Mart\u00ednez Morcillo, who will perform the following compositions.<\/div>\n<div dir=\"auto\"><\/div>\n<div dir=\"auto\"><\/div>\n<\/div>\n<div class=\"x11i5rnm xat24cr x1mh8g0r x1vvkbs xtlvy1s x126k92a\">\n<p dir=\"auto\">\u2013 Christ of Forgiveness (Jos\u00e9 G\u00f3mez Villa, for the 75th anniversary of its premiere).<\/p>\n<p dir=\"auto\">\n<p dir=\"auto\">\n<p dir=\"auto\">\u2013 Pious Mother (Javier Morote Mart\u00ednez).<\/p>\n<p dir=\"auto\">\n<p dir=\"auto\">\n<p dir=\"auto\">\u2013 1914 (V\u00edctor Manuel Ferrer Castillo).<\/p>\n<p dir=\"auto\">\n<p dir=\"auto\">\n<p dir=\"auto\">\u2013 Holy Week in Cieza (Jos\u00e9 G\u00f3mez Villa).<\/p>\n<div dir=\"auto\"><\/div>\n<div dir=\"auto\">.<\/div>\n<\/div>\n<div class=\"x11i5rnm xat24cr x1mh8g0r x1vvkbs xtlvy1s x126k92a\">\n<div dir=\"auto\">\u2013 2:30 p.m. Opening Ceremony Lunch.<\/div>\n<\/div>","protected":false},"excerpt":{"rendered":"<p>Ma\u00f1ana domingo tendr\u00e1 lugar el preg\u00f3n de la Semana Santa de Cieza con los actos detallados a continuaci\u00f3n. Domingo 26 de Marzo. . Actos del Preg\u00f3n de la Semana Santa de Cieza 2023. . A las 10:00 h. Sal\u00f3n de Plenos del Ayuntamiento de Cieza. &#8211;\u00a0 Acto de la Convocatoria con asistencia de Cofrad\u00edas y [&hellip;]<\/p>","protected":false},"author":1,"featured_media":11027,"comment_status":"open","ping_status":"closed","sticky":false,"template":"","format":"standard","meta":{"_et_pb_use_builder":"","_et_pb_old_content":"","_et_gb_content_width":"","footnotes":""},"categories":[18],"tags":[],"amp_enabled":true,"_links":{"self":[{"href":"https:\/\/ciezaentumano.com\/en\/wp-json\/wp\/v2\/posts\/11026"}],"collection":[{"href":"https:\/\/ciezaentumano.com\/en\/wp-json\/wp\/v2\/posts"}],"about":[{"href":"https:\/\/ciezaentumano.com\/en\/wp-json\/wp\/v2\/types\/post"}],"author":[{"embeddable":true,"href":"https:\/\/ciezaentumano.com\/en\/wp-json\/wp\/v2\/users\/1"}],"replies":[{"embeddable":true,"href":"https:\/\/ciezaentumano.com\/en\/wp-json\/wp\/v2\/comments?post=11026"}],"version-history":[{"count":4,"href":"https:\/\/ciezaentumano.com\/en\/wp-json\/wp\/v2\/posts\/11026\/revisions"}],"predecessor-version":[{"id":11052,"href":"https:\/\/ciezaentumano.com\/en\/wp-json\/wp\/v2\/posts\/11026\/revisions\/11052"}],"wp:featuredmedia":[{"embeddable":true,"href":"https:\/\/ciezaentumano.com\/en\/wp-json\/wp\/v2\/media\/11027"}],"wp:attachment":[{"href":"https:\/\/ciezaentumano.com\/en\/wp-json\/wp\/v2\/media?parent=11026"}],"wp:term":[{"taxonomy":"category","embeddable":true,"href":"https:\/\/ciezaentumano.com\/en\/wp-json\/wp\/v2\/categories?post=11026"},{"taxonomy":"post_tag","embeddable":true,"href":"https:\/\/ciezaentumano.com\/en\/wp-json\/wp\/v2\/tags?post=11026"}],"curies":[{"name":"wp","href":"https:\/\/api.w.org\/{rel}","templated":true}]}}