{"id":11081,"date":"2023-03-30T02:06:12","date_gmt":"2023-03-30T00:06:12","guid":{"rendered":"https:\/\/ciezaentumano.com\/?p=11081"},"modified":"2023-04-01T02:31:46","modified_gmt":"2023-04-01T00:31:46","slug":"traslado-cristo-del-perdon-samaritano-del-ano-y-mas-actividades-hoy-en-cieza","status":"publish","type":"post","link":"https:\/\/ciezaentumano.com\/en\/traslado-cristo-del-perdon-samaritano-del-ano-y-mas-actividades-hoy-en-cieza\/","title":{"rendered":"Christ of Forgiveness, Samaritan of the Year, and more activities today in Cieza"},"content":{"rendered":"<div class=\"x11i5rnm xat24cr x1mh8g0r x1vvkbs xtlvy1s x126k92a\">\n<div dir=\"auto\">Here are the various activities planned for the arrival of Holy Week. Highlights include the transfer of the Christ of Forgiveness, the naming of the Samaritan of the Year, and Mass in honor of our patron saint.<\/div>\n<div dir=\"auto\"><\/div>\n<div dir=\"auto\"><strong>From 11:00 a.m. to 9:30 p.m. Convent of San Joaqu\u00edn.<\/strong><\/div>\n<\/div>\n<div class=\"x11i5rnm xat24cr x1mh8g0r x1vvkbs xtlvy1s x126k92a\">\n<div dir=\"auto\">\u2013 Solemn Veneration of the Most Holy Christ of Forgiveness.<\/div>\n<div dir=\"auto\">.<\/div>\n<\/div>\n<div class=\"x11i5rnm xat24cr x1mh8g0r x1vvkbs xtlvy1s x126k92a\">\n<div dir=\"auto\"><strong>At 12:30 p.m. San Sebasti\u00e1n Street.<\/strong><\/div>\n<\/div>\n<div class=\"x11i5rnm xat24cr x1mh8g0r x1vvkbs xtlvy1s x126k92a\">\n<div dir=\"auto\">\u2013 Holy Week March Concert by the Students&#039; Band of the Cieza Municipal Music Band.<\/div>\n<div dir=\"auto\">.<\/div>\n<\/div>\n<div class=\"x11i5rnm xat24cr x1mh8g0r x1vvkbs xtlvy1s x126k92a\">\n<div dir=\"auto\"><strong>At 5:30 p.m. Atalaya Hermitage.<\/strong><\/div>\n<\/div>\n<div class=\"x11i5rnm xat24cr x1mh8g0r x1vvkbs xtlvy1s x126k92a\">\n<div dir=\"auto\">\u2013 Holy Mass in honor of Our Lady the Most Holy Virgin of Good Success Crowned.<\/div>\n<div dir=\"auto\"><\/div>\n<\/div>\n<div class=\"x11i5rnm xat24cr x1mh8g0r x1vvkbs xtlvy1s x126k92a\">\n<div dir=\"auto\"><strong>At 6:00 p.m. Basilica of Our Lady of the Assumption.<\/strong><\/div>\n<\/div>\n<div class=\"x11i5rnm xat24cr x1mh8g0r x1vvkbs xtlvy1s x126k92a\">\n<div dir=\"auto\">Mass in suffrage for the souls of the deceased members of the Brotherhood of the Prayer of the Garden and the Holy Sepulchre and appointment of Dormi of the Year.<\/div>\n<\/div>\n<div class=\"x11i5rnm xat24cr x1mh8g0r x1vvkbs xtlvy1s x126k92a\">\n<div dir=\"auto\">\u2013 Holy Week march concert by the \u201cWe\u2019re Not in a Hurry\u201d Music Association.<\/div>\n<div dir=\"auto\">.<\/div>\n<\/div>\n<div class=\"x11i5rnm xat24cr x1mh8g0r x1vvkbs xtlvy1s x126k92a\">\n<div dir=\"auto\"><strong>At 7:30 p.m. Convent of San Joaqu\u00edn.<\/strong><\/div>\n<\/div>\n<div class=\"x11i5rnm xat24cr x1mh8g0r x1vvkbs xtlvy1s x126k92a\">\n<div dir=\"auto\">Mass in suffrage for the deceased members of the Brotherhood of the Most Holy Christ of Forgiveness, officiated by the Rev. Rafael Mart\u00ednez Manda, Parish Priest of San Joaqu\u00edn.<\/div>\n<div dir=\"auto\">.<\/div>\n<\/div>\n<div class=\"x11i5rnm xat24cr x1mh8g0r x1vvkbs xtlvy1s x126k92a\">\n<div dir=\"auto\"><strong>At 8:45 p.m. IES Diego Tortosa Auditorium.<\/strong><\/div>\n<\/div>\n<div class=\"x11i5rnm xat24cr x1mh8g0r x1vvkbs xtlvy1s x126k92a\">\n<div dir=\"auto\">Named Samaritan of the Year and Honorary Samaritan.<\/div>\n<div dir=\"auto\">Next up is a Holy Week March Concert by the &quot;We&#039;re Not in a Hurry&quot; Music Association.<\/div>\n<div dir=\"auto\">.<\/div>\n<\/div>\n<div class=\"x11i5rnm xat24cr x1mh8g0r x1vvkbs xtlvy1s x126k92a\">\n<div dir=\"auto\"><strong>At 10:00 p.m. Processional transfer of the Most Holy Christ of Forgiveness, <\/strong>from the Convent of San Joaqu\u00edn to the Basilica of Our Lady of the Assumption.<\/div>\n<\/div>\n<div class=\"x11i5rnm xat24cr x1mh8g0r x1vvkbs xtlvy1s x126k92a\">\n<div dir=\"auto\">Itinerary: Corner of the Convent, San Sebastian, Buitragos, Canovas del Castillo, Barco, Hoz and Plaza Mayor.<\/div>\n<\/div>\n<div class=\"x11i5rnm xat24cr x1mh8g0r x1vvkbs xtlvy1s x126k92a\">\n<div dir=\"auto\">Upon the arrival of the Most Holy Christ of Forgiveness to the Plaza Mayor, the \u201cEncounter\u201d of Christ of Forgiveness with his mother (Hern\u00e1ndez Navarro) will take place.<\/div>\n<div dir=\"auto\"><\/div>\n<\/div>\n<div dir=\"auto\">.<\/div>\n<div dir=\"auto\"><img loading=\"lazy\" decoding=\"async\" class=\"size-full wp-image-11082 aligncenter\" src=\"https:\/\/ciezaentumano.com\/wp-content\/uploads\/2023\/04\/traslado-cristo-perdon-cieza..jpg\" alt=\"\" width=\"622\" height=\"788\" srcset=\"https:\/\/ciezaentumano.com\/wp-content\/uploads\/2023\/04\/traslado-cristo-perdon-cieza..jpg 622w, https:\/\/ciezaentumano.com\/wp-content\/uploads\/2023\/04\/traslado-cristo-perdon-cieza.-480x608.jpg 480w\" sizes=\"(min-width: 0px) and (max-width: 480px) 480px, (min-width: 481px) 622px, 100vw\" \/><\/div>\n<div dir=\"auto\">.<\/div>\n<div dir=\"auto\"><img loading=\"lazy\" decoding=\"async\" class=\"size-full wp-image-11083 aligncenter\" src=\"https:\/\/ciezaentumano.com\/wp-content\/uploads\/2023\/04\/Samaritano-del-Ano-2023..jpg\" alt=\"\" width=\"698\" height=\"981\" srcset=\"https:\/\/ciezaentumano.com\/wp-content\/uploads\/2023\/04\/Samaritano-del-Ano-2023..jpg 698w, https:\/\/ciezaentumano.com\/wp-content\/uploads\/2023\/04\/Samaritano-del-Ano-2023.-480x675.jpg 480w\" sizes=\"(min-width: 0px) and (max-width: 480px) 480px, (min-width: 481px) 698px, 100vw\" \/><\/div>\n<div dir=\"auto\">.<\/div>\n<div dir=\"auto\">\n<div id=\"attachment_4844\" style=\"width: 970px\" class=\"wp-caption alignnone\"><img loading=\"lazy\" decoding=\"async\" aria-describedby=\"caption-attachment-4844\" class=\"size-full wp-image-4844\" src=\"https:\/\/ciezaentumano.com\/wp-content\/uploads\/2018\/05\/virgen-ermita-misa-cieza.jpg\" alt=\"Foto con la informaci\u00f3n de la Misa de la Virgen Buen Suceso Ermita en Cieza.\" width=\"960\" height=\"638\" srcset=\"https:\/\/ciezaentumano.com\/wp-content\/uploads\/2018\/05\/virgen-ermita-misa-cieza.jpg 960w, https:\/\/ciezaentumano.com\/wp-content\/uploads\/2018\/05\/virgen-ermita-misa-cieza-300x199.jpg 300w, https:\/\/ciezaentumano.com\/wp-content\/uploads\/2018\/05\/virgen-ermita-misa-cieza-768x510.jpg 768w\" sizes=\"(max-width: 960px) 100vw, 960px\" \/><p id=\"caption-attachment-4844\" class=\"wp-caption-text\">Photo of the Mass of the Virgin of Good Success Hermitage in Cieza.<\/p><\/div>\n<\/div>","protected":false},"excerpt":{"rendered":"<p>Aqu\u00ed las diferentes actividades previstas con la llegada de nuestra Semana Santa, destacamos el traslado del Cristo del Perd\u00f3n, el nombramiento de Samaritano del A\u00f1o, y la misa a nuestra patrona. Desde las 11:00 a 21:30 h. Convento de San Joaqu\u00edn. &#8211; Solemne Veneraci\u00f3n al Sant\u00edsimo Cristo del Perd\u00f3n. . A las 12:30 h. Calle [&hellip;]<\/p>","protected":false},"author":1,"featured_media":11082,"comment_status":"open","ping_status":"closed","sticky":false,"template":"","format":"standard","meta":{"_et_pb_use_builder":"","_et_pb_old_content":"","_et_gb_content_width":"","footnotes":""},"categories":[2],"tags":[],"amp_enabled":true,"_links":{"self":[{"href":"https:\/\/ciezaentumano.com\/en\/wp-json\/wp\/v2\/posts\/11081"}],"collection":[{"href":"https:\/\/ciezaentumano.com\/en\/wp-json\/wp\/v2\/posts"}],"about":[{"href":"https:\/\/ciezaentumano.com\/en\/wp-json\/wp\/v2\/types\/post"}],"author":[{"embeddable":true,"href":"https:\/\/ciezaentumano.com\/en\/wp-json\/wp\/v2\/users\/1"}],"replies":[{"embeddable":true,"href":"https:\/\/ciezaentumano.com\/en\/wp-json\/wp\/v2\/comments?post=11081"}],"version-history":[{"count":1,"href":"https:\/\/ciezaentumano.com\/en\/wp-json\/wp\/v2\/posts\/11081\/revisions"}],"predecessor-version":[{"id":11084,"href":"https:\/\/ciezaentumano.com\/en\/wp-json\/wp\/v2\/posts\/11081\/revisions\/11084"}],"wp:featuredmedia":[{"embeddable":true,"href":"https:\/\/ciezaentumano.com\/en\/wp-json\/wp\/v2\/media\/11082"}],"wp:attachment":[{"href":"https:\/\/ciezaentumano.com\/en\/wp-json\/wp\/v2\/media?parent=11081"}],"wp:term":[{"taxonomy":"category","embeddable":true,"href":"https:\/\/ciezaentumano.com\/en\/wp-json\/wp\/v2\/categories?post=11081"},{"taxonomy":"post_tag","embeddable":true,"href":"https:\/\/ciezaentumano.com\/en\/wp-json\/wp\/v2\/tags?post=11081"}],"curies":[{"name":"wp","href":"https:\/\/api.w.org\/{rel}","templated":true}]}}