{"id":11096,"date":"2023-04-05T08:21:06","date_gmt":"2023-04-05T06:21:06","guid":{"rendered":"https:\/\/ciezaentumano.com\/?p=11096"},"modified":"2023-04-05T08:22:37","modified_gmt":"2023-04-05T06:22:37","slug":"11096-2","status":"publish","type":"post","link":"https:\/\/ciezaentumano.com\/en\/11096-2\/","title":{"rendered":"On March 31st, the CEIS manager visited the Cieza fire station construction site."},"content":{"rendered":"<p>On January 31st, the manager of the Fire Extinguishing Consortium (CEIS), Ver\u00f3nica L\u00f3pez, visited the remodeling works for the second phase of the Cieza Fire Station, in which the regional government is investing \u20ac320,000. The project began on January 30th, 2023, and is expected to be completed within eight months.<\/p>\n<p>&nbsp;<\/p>\n<p>&quot;The renovation consists of adapting the ground floor of the training tower for temporary use as a gym while the works are underway, creating a new gym located on a mezzanine floor of the first bay of the vehicle hangar, expanding the vehicle hangar at the rear by 254.30 square meters, adapting the access door to the plot on the northwest side, automating it, and renewing the air conditioning in the social building,&quot; explained Ver\u00f3nica L\u00f3pez.<\/p>\n<p>&nbsp;<\/p>\n<p>The Cieza fire station is a zonal fire station with a staff consisting of 25 people (five corporals and 20 firefighter-drivers) on duty 24 hours a day, divided into shifts; and a daily staff of one corporal and four firefighter-drivers, with the chief sergeant as their direct supervisor. This CEIS fire station serves the municipalities of Cieza, Abar\u00e1n, Archena, Blanca, Ojos, Ulea, Villanueva del R\u00edo del Segura, and Ricote.<\/p>\n<p>&nbsp;<\/p>\n<p>&quot;Currently, the Cieza fleet has command, urban, rural, tanker, and high-altitude vehicles, all equipped with the necessary tools for firefighting, rescue, and salvage,&quot; added the CEIS manager. It&#039;s worth noting that the investment in the first phase, which is now complete, was \u20ac350,000.<\/p>","protected":false},"excerpt":{"rendered":"<p>La Gerente del Consorcio de Extinci\u00f3n de Incendios (CEIS), Ver\u00f3nica L\u00f3pez, visit\u00f3 el pasado d\u00eda 31 las obras de remodelaci\u00f3n de la segunda fase del Parque de Bomberos de Cieza, en el que el Gobierno regional invierte 320.000 euros. La obra se inici\u00f3 el pasado 30 de enero de 2023 y tiene un plazo de [&hellip;]<\/p>","protected":false},"author":1,"featured_media":11097,"comment_status":"open","ping_status":"closed","sticky":false,"template":"","format":"standard","meta":{"_et_pb_use_builder":"","_et_pb_old_content":"","_et_gb_content_width":"","footnotes":""},"categories":[18],"tags":[],"amp_enabled":true,"_links":{"self":[{"href":"https:\/\/ciezaentumano.com\/en\/wp-json\/wp\/v2\/posts\/11096"}],"collection":[{"href":"https:\/\/ciezaentumano.com\/en\/wp-json\/wp\/v2\/posts"}],"about":[{"href":"https:\/\/ciezaentumano.com\/en\/wp-json\/wp\/v2\/types\/post"}],"author":[{"embeddable":true,"href":"https:\/\/ciezaentumano.com\/en\/wp-json\/wp\/v2\/users\/1"}],"replies":[{"embeddable":true,"href":"https:\/\/ciezaentumano.com\/en\/wp-json\/wp\/v2\/comments?post=11096"}],"version-history":[{"count":3,"href":"https:\/\/ciezaentumano.com\/en\/wp-json\/wp\/v2\/posts\/11096\/revisions"}],"predecessor-version":[{"id":11100,"href":"https:\/\/ciezaentumano.com\/en\/wp-json\/wp\/v2\/posts\/11096\/revisions\/11100"}],"wp:featuredmedia":[{"embeddable":true,"href":"https:\/\/ciezaentumano.com\/en\/wp-json\/wp\/v2\/media\/11097"}],"wp:attachment":[{"href":"https:\/\/ciezaentumano.com\/en\/wp-json\/wp\/v2\/media?parent=11096"}],"wp:term":[{"taxonomy":"category","embeddable":true,"href":"https:\/\/ciezaentumano.com\/en\/wp-json\/wp\/v2\/categories?post=11096"},{"taxonomy":"post_tag","embeddable":true,"href":"https:\/\/ciezaentumano.com\/en\/wp-json\/wp\/v2\/tags?post=11096"}],"curies":[{"name":"wp","href":"https:\/\/api.w.org\/{rel}","templated":true}]}}