{"id":11153,"date":"2023-04-13T00:17:19","date_gmt":"2023-04-12T22:17:19","guid":{"rendered":"https:\/\/ciezaentumano.com\/?p=11153"},"modified":"2023-04-14T00:29:53","modified_gmt":"2023-04-13T22:29:53","slug":"ignacio-martin-lerma-presenta-su-libro-la-mochila-en-la-prehistoria","status":"publish","type":"post","link":"https:\/\/ciezaentumano.com\/en\/ignacio-martin-lerma-presenta-su-libro-la-mochila-en-la-prehistoria\/","title":{"rendered":"Ignacio Mart\u00edn Lerma presents his book &quot;The Backpack in Prehistory&quot;"},"content":{"rendered":"<p>Professor of Prehistory at the University of Murcia and writer Ignacio Mart\u00edn Lerma presents his book &#039;The Backpack in Prehistory&#039; right where it all began, and he has chosen Cieza for it.<\/p>\n<p>This Friday, April 14, coinciding with the opening of the Regional Book Fair in Cieza, at 8 pm in the Padre Salmer\u00f3n Municipal Library, he presents his new book, where he tells us about a long journey of a young Neanderthal that begins and ends in Cieza.<\/p>\n<p>The event will be presented by Joaqu\u00edn Salmer\u00f3n Juan, Director of Cieza&#039;s Heritage, and Cieza journalists Peke Baldrich and Alejo Jes\u00fas Lucas.<\/p>","protected":false},"excerpt":{"rendered":"<p>The event will be presented by Joaqu\u00edn Salmer\u00f3n Juan, Director of Cieza&#039;s Heritage, and Cieza journalists Peke Baldrich and Alejo Jes\u00fas Lucas.<\/p>","protected":false},"author":1,"featured_media":11154,"comment_status":"open","ping_status":"closed","sticky":false,"template":"","format":"standard","meta":{"_et_pb_use_builder":"","_et_pb_old_content":"","_et_gb_content_width":"","footnotes":""},"categories":[2],"tags":[],"amp_enabled":true,"_links":{"self":[{"href":"https:\/\/ciezaentumano.com\/en\/wp-json\/wp\/v2\/posts\/11153"}],"collection":[{"href":"https:\/\/ciezaentumano.com\/en\/wp-json\/wp\/v2\/posts"}],"about":[{"href":"https:\/\/ciezaentumano.com\/en\/wp-json\/wp\/v2\/types\/post"}],"author":[{"embeddable":true,"href":"https:\/\/ciezaentumano.com\/en\/wp-json\/wp\/v2\/users\/1"}],"replies":[{"embeddable":true,"href":"https:\/\/ciezaentumano.com\/en\/wp-json\/wp\/v2\/comments?post=11153"}],"version-history":[{"count":1,"href":"https:\/\/ciezaentumano.com\/en\/wp-json\/wp\/v2\/posts\/11153\/revisions"}],"predecessor-version":[{"id":11155,"href":"https:\/\/ciezaentumano.com\/en\/wp-json\/wp\/v2\/posts\/11153\/revisions\/11155"}],"wp:featuredmedia":[{"embeddable":true,"href":"https:\/\/ciezaentumano.com\/en\/wp-json\/wp\/v2\/media\/11154"}],"wp:attachment":[{"href":"https:\/\/ciezaentumano.com\/en\/wp-json\/wp\/v2\/media?parent=11153"}],"wp:term":[{"taxonomy":"category","embeddable":true,"href":"https:\/\/ciezaentumano.com\/en\/wp-json\/wp\/v2\/categories?post=11153"},{"taxonomy":"post_tag","embeddable":true,"href":"https:\/\/ciezaentumano.com\/en\/wp-json\/wp\/v2\/tags?post=11153"}],"curies":[{"name":"wp","href":"https:\/\/api.w.org\/{rel}","templated":true}]}}