{"id":11156,"date":"2023-04-14T21:59:51","date_gmt":"2023-04-14T19:59:51","guid":{"rendered":"https:\/\/ciezaentumano.com\/?p=11156"},"modified":"2023-04-14T22:00:42","modified_gmt":"2023-04-14T20:00:42","slug":"rescatan-a-un-senderista-perdido-en-calasparra","status":"publish","type":"post","link":"https:\/\/ciezaentumano.com\/en\/rescatan-a-un-senderista-perdido-en-calasparra\/","title":{"rendered":"A lost hiker is rescued in Calasparra."},"content":{"rendered":"<p>At 6:36 p.m., the 1-1-2 Emergency Coordination Center in the Murcia Region received several calls reporting a hiker lost in an inaccessible mountain area near the intersection of the Qu\u00edpar and Segura rivers in the municipality of Calasparra.<\/p>\n<p>The following personnel have been mobilized to the scene:<\/p>\n<p>Environmental Agents.<\/p>\n<p>Local Police Patrol.<\/p>\n<p>A helicopter from the Directorate General of Citizen Security and Emergency Services with the Air Rescue Group of the Firefighting and Rescue Consortium of the Region of Murcia.<\/p>\n<p>The hiker is rescued by the CEIS Fire Rescue Group.<\/p>","protected":false},"excerpt":{"rendered":"<p>El Centro de Coordinaci\u00f3n de Emergencias 1-1-2 Regi\u00f3n de Murcia recib\u00eda a las 18:36 horas varias llamadas informando de que un senderista se encontraba perdido en una zona inaccesible de monta\u00f1a cerca del cruce entre el rio Qu\u00edpar y el rio Segura en el t\u00e9rmino municipal de Calasparra. Al lugar se han movilizado los siguientes [&hellip;]<\/p>","protected":false},"author":1,"featured_media":11157,"comment_status":"open","ping_status":"closed","sticky":false,"template":"","format":"standard","meta":{"_et_pb_use_builder":"","_et_pb_old_content":"","_et_gb_content_width":"","footnotes":""},"categories":[18],"tags":[],"amp_enabled":true,"_links":{"self":[{"href":"https:\/\/ciezaentumano.com\/en\/wp-json\/wp\/v2\/posts\/11156"}],"collection":[{"href":"https:\/\/ciezaentumano.com\/en\/wp-json\/wp\/v2\/posts"}],"about":[{"href":"https:\/\/ciezaentumano.com\/en\/wp-json\/wp\/v2\/types\/post"}],"author":[{"embeddable":true,"href":"https:\/\/ciezaentumano.com\/en\/wp-json\/wp\/v2\/users\/1"}],"replies":[{"embeddable":true,"href":"https:\/\/ciezaentumano.com\/en\/wp-json\/wp\/v2\/comments?post=11156"}],"version-history":[{"count":2,"href":"https:\/\/ciezaentumano.com\/en\/wp-json\/wp\/v2\/posts\/11156\/revisions"}],"predecessor-version":[{"id":11159,"href":"https:\/\/ciezaentumano.com\/en\/wp-json\/wp\/v2\/posts\/11156\/revisions\/11159"}],"wp:featuredmedia":[{"embeddable":true,"href":"https:\/\/ciezaentumano.com\/en\/wp-json\/wp\/v2\/media\/11157"}],"wp:attachment":[{"href":"https:\/\/ciezaentumano.com\/en\/wp-json\/wp\/v2\/media?parent=11156"}],"wp:term":[{"taxonomy":"category","embeddable":true,"href":"https:\/\/ciezaentumano.com\/en\/wp-json\/wp\/v2\/categories?post=11156"},{"taxonomy":"post_tag","embeddable":true,"href":"https:\/\/ciezaentumano.com\/en\/wp-json\/wp\/v2\/tags?post=11156"}],"curies":[{"name":"wp","href":"https:\/\/api.w.org\/{rel}","templated":true}]}}