{"id":11171,"date":"2023-04-21T03:56:31","date_gmt":"2023-04-21T01:56:31","guid":{"rendered":"https:\/\/ciezaentumano.com\/?p=11171"},"modified":"2023-04-21T04:00:42","modified_gmt":"2023-04-21T02:00:42","slug":"localizan-en-buen-estado-a-2-personas-desorientadas-en-el-canon-de-almadenes","status":"publish","type":"post","link":"https:\/\/ciezaentumano.com\/en\/localizan-en-buen-estado-a-2-personas-desorientadas-en-el-canon-de-almadenes\/","title":{"rendered":"Two disoriented people found safe and well in the Almadenes Canyon"},"content":{"rendered":"<div>Emergency services have located two people who had become disoriented in the Almadenes Canyon, Cieza.<\/div>\n<div><\/div>\n<div><\/div>\n<div>At 22:51 last Thursday night, a call to the 1-1-2 Emergency Coordination Center of the Region of Murcia reported the incident. The caller indicated that there were 2 people and that they only had the light from the phone to guide them, that it had little battery and they could not find their way back.<\/p>\n<\/div>\n<div><\/div>\n<div><\/div>\n<div>They were immediately instructed on how to send their location while a forestry brigade from Cieza was en route to the site.<\/p>\n<\/div>\n<div><\/div>\n<div><\/div>\n<div>After being located (in good health), they were accompanied during the descent to the place where their vehicle was located.<\/div>","protected":false},"excerpt":{"rendered":"<p>Servicios de emergencia han localizado a dos personas que se hab\u00edan desorientado en el Ca\u00f1\u00f3n de Almadenes, Cieza. A las 22.51 horas de anoche jueves una llamada al Centro de Coordinaci\u00f3n de Emergencias 1-1-2 Regi\u00f3n de Murcia informaba del incidente, el llamante indicaba que eran 2 personas y que s\u00f3lo dispon\u00edan de la luz del [&hellip;]<\/p>","protected":false},"author":1,"featured_media":11173,"comment_status":"open","ping_status":"closed","sticky":false,"template":"","format":"standard","meta":{"_et_pb_use_builder":"","_et_pb_old_content":"","_et_gb_content_width":"","footnotes":""},"categories":[18],"tags":[],"amp_enabled":true,"_links":{"self":[{"href":"https:\/\/ciezaentumano.com\/en\/wp-json\/wp\/v2\/posts\/11171"}],"collection":[{"href":"https:\/\/ciezaentumano.com\/en\/wp-json\/wp\/v2\/posts"}],"about":[{"href":"https:\/\/ciezaentumano.com\/en\/wp-json\/wp\/v2\/types\/post"}],"author":[{"embeddable":true,"href":"https:\/\/ciezaentumano.com\/en\/wp-json\/wp\/v2\/users\/1"}],"replies":[{"embeddable":true,"href":"https:\/\/ciezaentumano.com\/en\/wp-json\/wp\/v2\/comments?post=11171"}],"version-history":[{"count":3,"href":"https:\/\/ciezaentumano.com\/en\/wp-json\/wp\/v2\/posts\/11171\/revisions"}],"predecessor-version":[{"id":11176,"href":"https:\/\/ciezaentumano.com\/en\/wp-json\/wp\/v2\/posts\/11171\/revisions\/11176"}],"wp:featuredmedia":[{"embeddable":true,"href":"https:\/\/ciezaentumano.com\/en\/wp-json\/wp\/v2\/media\/11173"}],"wp:attachment":[{"href":"https:\/\/ciezaentumano.com\/en\/wp-json\/wp\/v2\/media?parent=11171"}],"wp:term":[{"taxonomy":"category","embeddable":true,"href":"https:\/\/ciezaentumano.com\/en\/wp-json\/wp\/v2\/categories?post=11171"},{"taxonomy":"post_tag","embeddable":true,"href":"https:\/\/ciezaentumano.com\/en\/wp-json\/wp\/v2\/tags?post=11171"}],"curies":[{"name":"wp","href":"https:\/\/api.w.org\/{rel}","templated":true}]}}