{"id":11287,"date":"2023-05-07T09:41:36","date_gmt":"2023-05-07T07:41:36","guid":{"rendered":"https:\/\/ciezaentumano.com\/?p=11287"},"modified":"2023-05-07T09:41:36","modified_gmt":"2023-05-07T07:41:36","slug":"aemet-activa-nivel-amarillo-de-alerta-por-fuertes-tormentas","status":"publish","type":"post","link":"https:\/\/ciezaentumano.com\/en\/aemet-activa-nivel-amarillo-de-alerta-por-fuertes-tormentas\/","title":{"rendered":"AEMET activates yellow alert level for severe storms"},"content":{"rendered":"<p>The State Meteorological Agency has issued a yellow alert for the Vega del Segura region starting at noon today in anticipation of possible severe storms.<\/p>\n<p>&nbsp;<\/p>\n<ul>\n<li>In its report, AEMET indicates that in the Vega del Segura, storms may be accompanied by abundant electrical activity; this phenomenon will trigger the alert risk level.<\/li>\n<\/ul>\n<p>&nbsp;<\/p>\n<p>The notice comes into effect at 12:00 noon and ends at 9:00 p.m.<\/p>\n<p>&nbsp;<\/p>","protected":false},"excerpt":{"rendered":"<p>La Agencia Estatal Meteorol\u00f3gica establece aviso de nivel amarillo para la Vega del Segura a partir de este mediod\u00eda en previsi\u00f3n de que puedan producirse tormentas de car\u00e1cter fuerte. &nbsp; En su informe AEMET indica que en la Vega del Segura las tormentas pueden ir acompa\u00f1adas de abundante aparato el\u00e9ctrico, por ese fen\u00f3meno se activar\u00e1 [&hellip;]<\/p>","protected":false},"author":1,"featured_media":11288,"comment_status":"open","ping_status":"closed","sticky":false,"template":"","format":"standard","meta":{"_et_pb_use_builder":"","_et_pb_old_content":"","_et_gb_content_width":"","footnotes":""},"categories":[18],"tags":[],"amp_enabled":true,"_links":{"self":[{"href":"https:\/\/ciezaentumano.com\/en\/wp-json\/wp\/v2\/posts\/11287"}],"collection":[{"href":"https:\/\/ciezaentumano.com\/en\/wp-json\/wp\/v2\/posts"}],"about":[{"href":"https:\/\/ciezaentumano.com\/en\/wp-json\/wp\/v2\/types\/post"}],"author":[{"embeddable":true,"href":"https:\/\/ciezaentumano.com\/en\/wp-json\/wp\/v2\/users\/1"}],"replies":[{"embeddable":true,"href":"https:\/\/ciezaentumano.com\/en\/wp-json\/wp\/v2\/comments?post=11287"}],"version-history":[{"count":1,"href":"https:\/\/ciezaentumano.com\/en\/wp-json\/wp\/v2\/posts\/11287\/revisions"}],"predecessor-version":[{"id":11289,"href":"https:\/\/ciezaentumano.com\/en\/wp-json\/wp\/v2\/posts\/11287\/revisions\/11289"}],"wp:featuredmedia":[{"embeddable":true,"href":"https:\/\/ciezaentumano.com\/en\/wp-json\/wp\/v2\/media\/11288"}],"wp:attachment":[{"href":"https:\/\/ciezaentumano.com\/en\/wp-json\/wp\/v2\/media?parent=11287"}],"wp:term":[{"taxonomy":"category","embeddable":true,"href":"https:\/\/ciezaentumano.com\/en\/wp-json\/wp\/v2\/categories?post=11287"},{"taxonomy":"post_tag","embeddable":true,"href":"https:\/\/ciezaentumano.com\/en\/wp-json\/wp\/v2\/tags?post=11287"}],"curies":[{"name":"wp","href":"https:\/\/api.w.org\/{rel}","templated":true}]}}