{"id":11477,"date":"2023-05-31T22:57:33","date_gmt":"2023-05-31T20:57:33","guid":{"rendered":"https:\/\/ciezaentumano.com\/?p=11477"},"modified":"2023-06-01T23:31:46","modified_gmt":"2023-06-01T21:31:46","slug":"presentacion-de-un-libro-y-nueva-exposicion-en-la-biblioteca","status":"publish","type":"post","link":"https:\/\/ciezaentumano.com\/en\/presentacion-de-un-libro-y-nueva-exposicion-en-la-biblioteca\/","title":{"rendered":"Book presentation and new exhibition at the Cieza Library"},"content":{"rendered":"<p>Next Friday, June 2nd, we will have two activities at the Padre Salmer\u00f3n Municipal Library. The exhibition &quot;Mujeres a cortes&quot; (Women in Cutouts) will open at 8:00 p.m. and can be enjoyed in the library&#039;s exhibition hall until June 30th. The exhibition features artists Aurora Montoya, Isabel Rodr\u00edguez, Consuelo G\u00f3mez, and Silvia Mart\u00ednez.<\/p>\n<p>At 8:30 p.m., we will feature the presentation of the book &quot;Histories, Mysteries, Chronicles, and Legends of Murcia&quot; by Jos\u00e9 \u00c1ngel Mart\u00ednez Cascales.<\/p>\n<p><img loading=\"lazy\" decoding=\"async\" class=\"size-large wp-image-11478 aligncenter\" src=\"https:\/\/ciezaentumano.com\/wp-content\/uploads\/2023\/06\/cartel-exposicion-collage-en-la-Biblioteca-de-Cieza.-1024x1024.jpg\" alt=\"\" width=\"1024\" height=\"1024\" srcset=\"https:\/\/ciezaentumano.com\/wp-content\/uploads\/2023\/06\/cartel-exposicion-collage-en-la-Biblioteca-de-Cieza.-1024x1024.jpg 1024w, https:\/\/ciezaentumano.com\/wp-content\/uploads\/2023\/06\/cartel-exposicion-collage-en-la-Biblioteca-de-Cieza.-980x980.jpg 980w, https:\/\/ciezaentumano.com\/wp-content\/uploads\/2023\/06\/cartel-exposicion-collage-en-la-Biblioteca-de-Cieza.-480x480.jpg 480w\" sizes=\"(min-width: 0px) and (max-width: 480px) 480px, (min-width: 481px) and (max-width: 980px) 980px, (min-width: 981px) 1024px, 100vw\" \/><\/p>\n<p>.<\/p>\n<p><img loading=\"lazy\" decoding=\"async\" class=\"size-large wp-image-11479 aligncenter\" src=\"https:\/\/ciezaentumano.com\/wp-content\/uploads\/2023\/06\/presentacion-libro-en-la-Biblioteca-de-Cieza.-1024x1024.jpg\" alt=\"\" width=\"1024\" height=\"1024\" srcset=\"https:\/\/ciezaentumano.com\/wp-content\/uploads\/2023\/06\/presentacion-libro-en-la-Biblioteca-de-Cieza.-1024x1024.jpg 1024w, https:\/\/ciezaentumano.com\/wp-content\/uploads\/2023\/06\/presentacion-libro-en-la-Biblioteca-de-Cieza.-980x980.jpg 980w, https:\/\/ciezaentumano.com\/wp-content\/uploads\/2023\/06\/presentacion-libro-en-la-Biblioteca-de-Cieza.-480x480.jpg 480w\" sizes=\"(min-width: 0px) and (max-width: 480px) 480px, (min-width: 481px) and (max-width: 980px) 980px, (min-width: 981px) 1024px, 100vw\" \/><\/p>\n<p>&nbsp;<\/p>","protected":false},"excerpt":{"rendered":"<p>Next Friday, June 2nd, we&#039;ll have two events at the Padre Salmer\u00f3n Municipal Library. The exhibition &quot;Women in Cuts&quot; will open at 8:00 p.m.<\/p>","protected":false},"author":1,"featured_media":11479,"comment_status":"open","ping_status":"closed","sticky":false,"template":"","format":"standard","meta":{"_et_pb_use_builder":"","_et_pb_old_content":"","_et_gb_content_width":"","footnotes":""},"categories":[2],"tags":[],"amp_enabled":true,"_links":{"self":[{"href":"https:\/\/ciezaentumano.com\/en\/wp-json\/wp\/v2\/posts\/11477"}],"collection":[{"href":"https:\/\/ciezaentumano.com\/en\/wp-json\/wp\/v2\/posts"}],"about":[{"href":"https:\/\/ciezaentumano.com\/en\/wp-json\/wp\/v2\/types\/post"}],"author":[{"embeddable":true,"href":"https:\/\/ciezaentumano.com\/en\/wp-json\/wp\/v2\/users\/1"}],"replies":[{"embeddable":true,"href":"https:\/\/ciezaentumano.com\/en\/wp-json\/wp\/v2\/comments?post=11477"}],"version-history":[{"count":3,"href":"https:\/\/ciezaentumano.com\/en\/wp-json\/wp\/v2\/posts\/11477\/revisions"}],"predecessor-version":[{"id":11482,"href":"https:\/\/ciezaentumano.com\/en\/wp-json\/wp\/v2\/posts\/11477\/revisions\/11482"}],"wp:featuredmedia":[{"embeddable":true,"href":"https:\/\/ciezaentumano.com\/en\/wp-json\/wp\/v2\/media\/11479"}],"wp:attachment":[{"href":"https:\/\/ciezaentumano.com\/en\/wp-json\/wp\/v2\/media?parent=11477"}],"wp:term":[{"taxonomy":"category","embeddable":true,"href":"https:\/\/ciezaentumano.com\/en\/wp-json\/wp\/v2\/categories?post=11477"},{"taxonomy":"post_tag","embeddable":true,"href":"https:\/\/ciezaentumano.com\/en\/wp-json\/wp\/v2\/tags?post=11477"}],"curies":[{"name":"wp","href":"https:\/\/api.w.org\/{rel}","templated":true}]}}