{"id":11483,"date":"2023-05-30T01:16:38","date_gmt":"2023-05-29T23:16:38","guid":{"rendered":"https:\/\/ciezaentumano.com\/?p=11483"},"modified":"2023-06-02T01:17:28","modified_gmt":"2023-06-01T23:17:28","slug":"alfaqueque-celebra-su-aniversario-en-la-feria-del-libro-de-madrid","status":"publish","type":"post","link":"https:\/\/ciezaentumano.com\/en\/alfaqueque-celebra-su-aniversario-en-la-feria-del-libro-de-madrid\/","title":{"rendered":"Alfaqueque celebrates its anniversary at the Madrid Book Fair"},"content":{"rendered":"<h3>The Cieza publishing house is present for the first time at the Fair with some of its authors<\/h3>\n<p>The Publishers Guild of the Region of Murcia is present at the Madrid Book Fair for the first time, with its own booth, where some of the region&#039;s publishing houses are represented. Alfaqueque-based publisher Fernando Fern\u00e1ndez Villa, who was president of the guild for 11 years, is celebrating his 15th anniversary at Spain&#039;s most important fair. Fern\u00e1ndez will bring some of his writers to sign copies, including Antonio Balsalobre from Cieza, who will do so on Saturday, June 3, with his novel <em>Maryam of Siyasa<\/em>.<\/p>\n<p>Fernando Fern\u00e1ndez, who received the El Meteorito Publishing Award for the Complete Works of Eliodoro Puche last November, will be taking part of his catalog to Madrid. There, works by important authors such as Miguel Espinosa, Juan \u00c1lvarez, Eliodoro Puche, Antonio G\u00f3mez Rufo, Julio Anguita, Victoria Bermejo, and illustrator Leticia Ruifern\u00e1ndez will be available for purchase.<\/p>\n<p>Likewise, the Cieza-based publisher will be present with other labels such as La Fea Burgues\u00eda Ediciones and the Tirano Banderas publishing house, where several of its authors will also have the opportunity to sign their works.<\/p>\n<p>Fern\u00e1ndez Villa expressed his satisfaction with these 15 years of Alfaqueque publishing. Years of hard work and enthusiasm, and he recalled that, despite this, in 2014, together with editor Paco Mar\u00edn and writer Paco L\u00f3pez Mengual, he founded the publishing houses La Fea Burgues\u00eda and Tirano Banderas, which have brought them so much joy.<\/p>","protected":false},"excerpt":{"rendered":"<p>The Murcia Region Publishers&#039; Guild is present for the first time at the Madrid Book Fair, with its own stand, in which some of the region&#039;s publishers are represented.<\/p>","protected":false},"author":1,"featured_media":11484,"comment_status":"open","ping_status":"closed","sticky":false,"template":"","format":"standard","meta":{"_et_pb_use_builder":"","_et_pb_old_content":"","_et_gb_content_width":"","footnotes":""},"categories":[18],"tags":[],"amp_enabled":true,"_links":{"self":[{"href":"https:\/\/ciezaentumano.com\/en\/wp-json\/wp\/v2\/posts\/11483"}],"collection":[{"href":"https:\/\/ciezaentumano.com\/en\/wp-json\/wp\/v2\/posts"}],"about":[{"href":"https:\/\/ciezaentumano.com\/en\/wp-json\/wp\/v2\/types\/post"}],"author":[{"embeddable":true,"href":"https:\/\/ciezaentumano.com\/en\/wp-json\/wp\/v2\/users\/1"}],"replies":[{"embeddable":true,"href":"https:\/\/ciezaentumano.com\/en\/wp-json\/wp\/v2\/comments?post=11483"}],"version-history":[{"count":1,"href":"https:\/\/ciezaentumano.com\/en\/wp-json\/wp\/v2\/posts\/11483\/revisions"}],"predecessor-version":[{"id":11485,"href":"https:\/\/ciezaentumano.com\/en\/wp-json\/wp\/v2\/posts\/11483\/revisions\/11485"}],"wp:featuredmedia":[{"embeddable":true,"href":"https:\/\/ciezaentumano.com\/en\/wp-json\/wp\/v2\/media\/11484"}],"wp:attachment":[{"href":"https:\/\/ciezaentumano.com\/en\/wp-json\/wp\/v2\/media?parent=11483"}],"wp:term":[{"taxonomy":"category","embeddable":true,"href":"https:\/\/ciezaentumano.com\/en\/wp-json\/wp\/v2\/categories?post=11483"},{"taxonomy":"post_tag","embeddable":true,"href":"https:\/\/ciezaentumano.com\/en\/wp-json\/wp\/v2\/tags?post=11483"}],"curies":[{"name":"wp","href":"https:\/\/api.w.org\/{rel}","templated":true}]}}