{"id":11518,"date":"2023-06-06T15:38:18","date_gmt":"2023-06-06T13:38:18","guid":{"rendered":"https:\/\/ciezaentumano.com\/?p=11518"},"modified":"2023-07-05T02:14:42","modified_gmt":"2023-07-05T00:14:42","slug":"inauguracion-de-la-exposicion-ilustres-murcianos-de-jose-torres-villa-caricatorres","status":"publish","type":"post","link":"https:\/\/ciezaentumano.com\/en\/inauguracion-de-la-exposicion-ilustres-murcianos-de-jose-torres-villa-caricatorres\/","title":{"rendered":"Opening of the exhibition &#039;Illustrious Murcians&#039; by Jos\u00e9 Torres Villa &quot;CARICATORRES&quot;"},"content":{"rendered":"<p>Opening of the exhibition &#039;Illustrious Murcians, from another perspective&#039; by Cieza native Jos\u00e9 Torres Villa &quot;CARICATORRES&quot; next Thursday, June 8th at 8:00 p.m. at the Siy\u00e2sa Museum, Calle San Sebasti\u00e1n 17.<\/p>\n<p>The exhibition&#039;s hours have been extended and can be visited until Thursday, June 29.<\/p>\n<p>.<\/p>\n<p><img loading=\"lazy\" decoding=\"async\" class=\"size-full wp-image-11519 aligncenter\" src=\"https:\/\/ciezaentumano.com\/wp-content\/uploads\/2023\/06\/cartel-exposicion-Ilustres-murcianos.-Caricaturas-de-Jose-Torres-Villa.jpg\" alt=\"\" width=\"679\" height=\"960\" srcset=\"https:\/\/ciezaentumano.com\/wp-content\/uploads\/2023\/06\/cartel-exposicion-Ilustres-murcianos.-Caricaturas-de-Jose-Torres-Villa.jpg 679w, https:\/\/ciezaentumano.com\/wp-content\/uploads\/2023\/06\/cartel-exposicion-Ilustres-murcianos.-Caricaturas-de-Jose-Torres-Villa-480x679.jpg 480w\" sizes=\"(min-width: 0px) and (max-width: 480px) 480px, (min-width: 481px) 679px, 100vw\" \/><\/p>\n<div class=\"gmail_quote\">\n<div dir=\"ltr\">\n<div dir=\"auto\"><\/div>\n<div dir=\"auto\"><\/div>\n<\/div>\n<\/div>\n<div dir=\"ltr\">\n<div dir=\"ltr\">\n<div dir=\"ltr\">\n<div>\n<div><span style=\"color: #000000;\"><u>MUSEUM HOURS<\/u>:<\/span><\/div>\n<div><span style=\"color: #000000;\">Tuesday to Saturday from 11:00 a.m. to 1:30 p.m. and from 5:30 p.m. to 9:00 p.m.<\/span><\/div>\n<div><span style=\"color: #000000;\">Sundays and holidays from 10:30 a.m. to 2:00 p.m. Mondays CLOSED.<\/span><\/div>\n<div><span style=\"color: #000000;\">\u00a0<\/span><\/div>\n<div><span style=\"color: #000000;\"><u>IMPORTANT<\/u>:<\/span><\/div>\n<div><span style=\"color: #000000;\">Starting June 16, the museum&#039;s hours will be <u>SUMMER<\/u>:<\/span><\/div>\n<div><span style=\"color: #000000;\">Tuesday to Saturday from 10:00 a.m. to 2:00 p.m., closed on Sunday and Monday.<\/span><\/div>\n<\/div>\n<\/div>\n<\/div>\n<\/div>","protected":false},"excerpt":{"rendered":"<p>Inauguraci\u00f3n de la exposici\u00f3n &#8216;Ilustres Murcianos, desde otra perspectiva&#8217; del ciezano Jos\u00e9 Torres Villa \u00abCARICATORRES\u00bb el pr\u00f3ximo jueves 8 de junio a las 20:00 horas en el Museo de Siy\u00e2sa, calle San Sebasti\u00e1n 17. Dicha exposici\u00f3n se amplia su horario, y se podr\u00e1 visitar hasta el jueves 29 de junio. . HORARIO\u00a0DEL MUSEO: De martes [&hellip;]<\/p>","protected":false},"author":1,"featured_media":11519,"comment_status":"open","ping_status":"closed","sticky":false,"template":"","format":"standard","meta":{"_et_pb_use_builder":"","_et_pb_old_content":"","_et_gb_content_width":"","footnotes":""},"categories":[2],"tags":[],"amp_enabled":true,"_links":{"self":[{"href":"https:\/\/ciezaentumano.com\/en\/wp-json\/wp\/v2\/posts\/11518"}],"collection":[{"href":"https:\/\/ciezaentumano.com\/en\/wp-json\/wp\/v2\/posts"}],"about":[{"href":"https:\/\/ciezaentumano.com\/en\/wp-json\/wp\/v2\/types\/post"}],"author":[{"embeddable":true,"href":"https:\/\/ciezaentumano.com\/en\/wp-json\/wp\/v2\/users\/1"}],"replies":[{"embeddable":true,"href":"https:\/\/ciezaentumano.com\/en\/wp-json\/wp\/v2\/comments?post=11518"}],"version-history":[{"count":3,"href":"https:\/\/ciezaentumano.com\/en\/wp-json\/wp\/v2\/posts\/11518\/revisions"}],"predecessor-version":[{"id":11639,"href":"https:\/\/ciezaentumano.com\/en\/wp-json\/wp\/v2\/posts\/11518\/revisions\/11639"}],"wp:featuredmedia":[{"embeddable":true,"href":"https:\/\/ciezaentumano.com\/en\/wp-json\/wp\/v2\/media\/11519"}],"wp:attachment":[{"href":"https:\/\/ciezaentumano.com\/en\/wp-json\/wp\/v2\/media?parent=11518"}],"wp:term":[{"taxonomy":"category","embeddable":true,"href":"https:\/\/ciezaentumano.com\/en\/wp-json\/wp\/v2\/categories?post=11518"},{"taxonomy":"post_tag","embeddable":true,"href":"https:\/\/ciezaentumano.com\/en\/wp-json\/wp\/v2\/tags?post=11518"}],"curies":[{"name":"wp","href":"https:\/\/api.w.org\/{rel}","templated":true}]}}