{"id":11571,"date":"2023-06-08T19:38:10","date_gmt":"2023-06-08T17:38:10","guid":{"rendered":"https:\/\/ciezaentumano.com\/?p=11571"},"modified":"2023-06-08T19:38:10","modified_gmt":"2023-06-08T17:38:10","slug":"este-domingo-se-celebra-la-misa-y-procesion-del-corpus-en-cieza","status":"publish","type":"post","link":"https:\/\/ciezaentumano.com\/en\/este-domingo-se-celebra-la-misa-y-procesion-del-corpus-en-cieza\/","title":{"rendered":"This Sunday the Corpus Christi Mass and procession will be celebrated in Cieza."},"content":{"rendered":"<p>On the occasion of the festivity of\u00a0<span class=\"highlightNode\">Corpus<\/span> Christi this Sunday, June 11, the Solemn Eucharist will be celebrated at 6:00 p.m. in the Church of Our Lady of the Assumption, officiated by Mr. Jos\u00e9 Antonio Garc\u00eda L\u00f3pez, Counselor of the Board of Passion Brotherhoods of Cieza, and the subsequent parade of the float carrying the Blessed Sacrament at 7:15 p.m. through the streets of Cieza.<\/p>\n<p>The Parish of the Assumption requests that, to the extent possible, balconies be decorated with hangings or shawls, which<span class=\"text_exposed_show\">The passage of the Eucharist can offer you rose petals from your home, may it be a moment of joy and jubilation for everyone with the neighbors of\u00a0<a class=\"_58cn\" href=\"https:\/\/www.facebook.com\/hashtag\/cieza?source=feed_text\" data-ft=\"{&quot;tn&quot;:&quot;*N&quot;,&quot;type&quot;:104}\" target=\"_blank\" rel=\"noopener\"><span class=\"_5afx\"><span class=\"_58cl _5afz\" aria-label=\"hashtag\">#<\/span><span class=\"_58cm\">Cieza<\/span><\/span><\/a>.<\/span><\/p>\n<div class=\"text_exposed_show\">All children who received their First Communion this year are also invited to accompany the Blessed Sacrament dressed in their First Communion finery. The procession will pass through the following streets: Plaza Mayor, Cid, La Parra, Plaza del Comisario, Rinc\u00f3n de los Pinos, Larga, Buitragos, San Sebasti\u00e1n, Mesones, Angostos, Tercia, Santo Cristo, C\u00e1novas del Castillo, Barco, Diego Tortosa, San Pedro and Plaza Mayor.<\/p>\n<\/div>\n<p>&nbsp;<\/p>\n<p>Photo: Board of Passion Brotherhoods of Cieza.<\/p>","protected":false},"excerpt":{"rendered":"<p>On the occasion of the Feast of Corpus Christi, this Sunday, June 11, the Solemn Eucharist will be celebrated at 6:00 p.m. in the Church of Our Lady of the Assumption, officiated by Mr. Jos\u00e9 Antonio Garc\u00eda L\u00f3pez.<\/p>","protected":false},"author":1,"featured_media":11572,"comment_status":"open","ping_status":"closed","sticky":false,"template":"","format":"standard","meta":{"_et_pb_use_builder":"","_et_pb_old_content":"","_et_gb_content_width":"","footnotes":""},"categories":[2],"tags":[],"amp_enabled":true,"_links":{"self":[{"href":"https:\/\/ciezaentumano.com\/en\/wp-json\/wp\/v2\/posts\/11571"}],"collection":[{"href":"https:\/\/ciezaentumano.com\/en\/wp-json\/wp\/v2\/posts"}],"about":[{"href":"https:\/\/ciezaentumano.com\/en\/wp-json\/wp\/v2\/types\/post"}],"author":[{"embeddable":true,"href":"https:\/\/ciezaentumano.com\/en\/wp-json\/wp\/v2\/users\/1"}],"replies":[{"embeddable":true,"href":"https:\/\/ciezaentumano.com\/en\/wp-json\/wp\/v2\/comments?post=11571"}],"version-history":[{"count":1,"href":"https:\/\/ciezaentumano.com\/en\/wp-json\/wp\/v2\/posts\/11571\/revisions"}],"predecessor-version":[{"id":11573,"href":"https:\/\/ciezaentumano.com\/en\/wp-json\/wp\/v2\/posts\/11571\/revisions\/11573"}],"wp:featuredmedia":[{"embeddable":true,"href":"https:\/\/ciezaentumano.com\/en\/wp-json\/wp\/v2\/media\/11572"}],"wp:attachment":[{"href":"https:\/\/ciezaentumano.com\/en\/wp-json\/wp\/v2\/media?parent=11571"}],"wp:term":[{"taxonomy":"category","embeddable":true,"href":"https:\/\/ciezaentumano.com\/en\/wp-json\/wp\/v2\/categories?post=11571"},{"taxonomy":"post_tag","embeddable":true,"href":"https:\/\/ciezaentumano.com\/en\/wp-json\/wp\/v2\/tags?post=11571"}],"curies":[{"name":"wp","href":"https:\/\/api.w.org\/{rel}","templated":true}]}}