{"id":11608,"date":"2023-06-16T14:36:51","date_gmt":"2023-06-16T12:36:51","guid":{"rendered":"https:\/\/ciezaentumano.com\/?p=11608"},"modified":"2023-06-26T23:07:08","modified_gmt":"2023-06-26T21:07:08","slug":"la-union-musical-de-cieza-organiza-el-concierto-a-dos-bandas","status":"publish","type":"post","link":"https:\/\/ciezaentumano.com\/en\/la-union-musical-de-cieza-organiza-el-concierto-a-dos-bandas\/","title":{"rendered":"The Cieza Musical Union organizes the concert &quot;A dos bandas&quot;"},"content":{"rendered":"<p>The Uni\u00f3n Musical de Cieza informs us about its upcoming concert, titled &quot;A Dos Bandas,&quot; which will take place on June 23rd at 9:00 PM at the Capitol Theater in Cieza. This concert is very special and our biggest event to date, as we will be playing at the Capitol Theater for the first time.<\/p>\n<p>Our guests at this band festival are the Agrupaci\u00f3n Musical Cristo del Valle de Torreag\u00fcera, a great band with whom we have a close friendship and with whom we share a conductor. This is the second point about why this concert is unique: it will be one of the few with two bands and a single conductor, Francisco Jos\u00e9 R\u00edos L\u00f3pez, who will lead both groups.<\/p>\n<p>The concert will consist of three parts: the first two will be performed by each band separately, and the final part will feature the two bands joining together to perform their pieces simultaneously, thus representing the unity we champion.<\/p>\n<p>We&#039;re very excited and invite everyone to come. We promise you won&#039;t regret it at all, and that you&#039;ll enjoy every second of the show.<\/p>\n<p>Tickets require a \u20ac3 donation to the band and can be obtained by contacting any member of the band or at the following establishments during opening hours:<\/p>\n<p>\u2013 Manolo Bakery on Arquitecto Muguruza Street.<\/p>\n<p>\u2013 Calentejo sausages from Gran V\u00eda.<\/p>\n<p>\u2013 Chiqui Bar-Restaurant.<\/p>\n<p>.<\/p>\n<p><img loading=\"lazy\" decoding=\"async\" class=\"size-large wp-image-11611 aligncenter\" src=\"https:\/\/ciezaentumano.com\/wp-content\/uploads\/2023\/06\/Festival-musica-union-musical-en-el-Teatro-Capitol-de-Cieza.-1024x1024.png\" alt=\"\" width=\"1024\" height=\"1024\" srcset=\"https:\/\/ciezaentumano.com\/wp-content\/uploads\/2023\/06\/Festival-musica-union-musical-en-el-Teatro-Capitol-de-Cieza.-1024x1024.png 1024w, https:\/\/ciezaentumano.com\/wp-content\/uploads\/2023\/06\/Festival-musica-union-musical-en-el-Teatro-Capitol-de-Cieza.-980x980.png 980w, https:\/\/ciezaentumano.com\/wp-content\/uploads\/2023\/06\/Festival-musica-union-musical-en-el-Teatro-Capitol-de-Cieza.-480x480.png 480w\" sizes=\"(min-width: 0px) and (max-width: 480px) 480px, (min-width: 481px) and (max-width: 980px) 980px, (min-width: 981px) 1024px, 100vw\" \/><\/p>\n<p>&nbsp;<\/p>\n<p>Source: Musical Union of Cieza.<\/p>","protected":false},"excerpt":{"rendered":"<p>It will be one of the few concerts with two bands and a single director, Francisco Jos\u00e9 R\u00edos L\u00f3pez, who will conduct both groups.<\/p>","protected":false},"author":1,"featured_media":11611,"comment_status":"open","ping_status":"closed","sticky":false,"template":"","format":"standard","meta":{"_et_pb_use_builder":"","_et_pb_old_content":"","_et_gb_content_width":"","footnotes":""},"categories":[2],"tags":[],"amp_enabled":true,"_links":{"self":[{"href":"https:\/\/ciezaentumano.com\/en\/wp-json\/wp\/v2\/posts\/11608"}],"collection":[{"href":"https:\/\/ciezaentumano.com\/en\/wp-json\/wp\/v2\/posts"}],"about":[{"href":"https:\/\/ciezaentumano.com\/en\/wp-json\/wp\/v2\/types\/post"}],"author":[{"embeddable":true,"href":"https:\/\/ciezaentumano.com\/en\/wp-json\/wp\/v2\/users\/1"}],"replies":[{"embeddable":true,"href":"https:\/\/ciezaentumano.com\/en\/wp-json\/wp\/v2\/comments?post=11608"}],"version-history":[{"count":2,"href":"https:\/\/ciezaentumano.com\/en\/wp-json\/wp\/v2\/posts\/11608\/revisions"}],"predecessor-version":[{"id":11684,"href":"https:\/\/ciezaentumano.com\/en\/wp-json\/wp\/v2\/posts\/11608\/revisions\/11684"}],"wp:featuredmedia":[{"embeddable":true,"href":"https:\/\/ciezaentumano.com\/en\/wp-json\/wp\/v2\/media\/11611"}],"wp:attachment":[{"href":"https:\/\/ciezaentumano.com\/en\/wp-json\/wp\/v2\/media?parent=11608"}],"wp:term":[{"taxonomy":"category","embeddable":true,"href":"https:\/\/ciezaentumano.com\/en\/wp-json\/wp\/v2\/categories?post=11608"},{"taxonomy":"post_tag","embeddable":true,"href":"https:\/\/ciezaentumano.com\/en\/wp-json\/wp\/v2\/tags?post=11608"}],"curies":[{"name":"wp","href":"https:\/\/api.w.org\/{rel}","templated":true}]}}