{"id":11660,"date":"2023-06-22T13:33:24","date_gmt":"2023-06-22T11:33:24","guid":{"rendered":"https:\/\/ciezaentumano.com\/?p=11660"},"modified":"2023-06-24T13:38:28","modified_gmt":"2023-06-24T11:38:28","slug":"inaugurada-la-exposicion-de-trabajos-de-la-universidad-popular","status":"publish","type":"post","link":"https:\/\/ciezaentumano.com\/en\/inaugurada-la-exposicion-de-trabajos-de-la-universidad-popular\/","title":{"rendered":"The exhibition of works from the People&#039;s University opens"},"content":{"rendered":"<p align=\"justify\">The Mayor of Cieza, Tom\u00e1s Rubio, attended the opening of the exhibition of works from the People&#039;s University this Wednesday, in what was one of his first public events since his inauguration on June 17. He was accompanied by the First Deputy Mayor, Jes\u00fas Casta\u00f1o, and the Councilors for Museums and Culture, Amparo Belmonte and Mar\u00eda Turp\u00edn, respectively.<\/p>\n<p align=\"justify\">The opening was attended by the director of the Municipal Museum Service, Joaqu\u00edn Salmer\u00f3n, and the two instructors of the crafts, dressmaking, regional costume embroidery, and restoration workshops. These are the works produced by the students during the 2022\/23 academic year. The exhibition will be open to the public until June 29th on Level 0 of the <a href=\"https:\/\/ciezaentumano.com\/en\/museo-siyasa-cieza-murcia\/\">Siy\u00e2sa Museum<\/a>.<\/p>\n<p align=\"justify\">Rubio welcomed the attendees and praised the quality of the works on display, congratulating both the students and teachers. He also took advantage of his remarks to introduce the Councilor for Museums and the other council members who had accompanied him at the event. After the opening, the instructors guided the municipal officials through the exhibition.<\/p>\n<p align=\"justify\">\n<header>\n<div class=\"autor\">Source: Cieza City Council.<\/div>\n<\/header>","protected":false},"excerpt":{"rendered":"<p>The opening was attended by the director of the Municipal Museum Service, Joaqu\u00edn Salmer\u00f3n, and the two instructors of the crafts, dressmaking, regional costume embroidery, and restoration workshops.<\/p>","protected":false},"author":1,"featured_media":11661,"comment_status":"open","ping_status":"closed","sticky":false,"template":"","format":"standard","meta":{"_et_pb_use_builder":"","_et_pb_old_content":"","_et_gb_content_width":"","footnotes":""},"categories":[2],"tags":[],"amp_enabled":true,"_links":{"self":[{"href":"https:\/\/ciezaentumano.com\/en\/wp-json\/wp\/v2\/posts\/11660"}],"collection":[{"href":"https:\/\/ciezaentumano.com\/en\/wp-json\/wp\/v2\/posts"}],"about":[{"href":"https:\/\/ciezaentumano.com\/en\/wp-json\/wp\/v2\/types\/post"}],"author":[{"embeddable":true,"href":"https:\/\/ciezaentumano.com\/en\/wp-json\/wp\/v2\/users\/1"}],"replies":[{"embeddable":true,"href":"https:\/\/ciezaentumano.com\/en\/wp-json\/wp\/v2\/comments?post=11660"}],"version-history":[{"count":1,"href":"https:\/\/ciezaentumano.com\/en\/wp-json\/wp\/v2\/posts\/11660\/revisions"}],"predecessor-version":[{"id":11662,"href":"https:\/\/ciezaentumano.com\/en\/wp-json\/wp\/v2\/posts\/11660\/revisions\/11662"}],"wp:featuredmedia":[{"embeddable":true,"href":"https:\/\/ciezaentumano.com\/en\/wp-json\/wp\/v2\/media\/11661"}],"wp:attachment":[{"href":"https:\/\/ciezaentumano.com\/en\/wp-json\/wp\/v2\/media?parent=11660"}],"wp:term":[{"taxonomy":"category","embeddable":true,"href":"https:\/\/ciezaentumano.com\/en\/wp-json\/wp\/v2\/categories?post=11660"},{"taxonomy":"post_tag","embeddable":true,"href":"https:\/\/ciezaentumano.com\/en\/wp-json\/wp\/v2\/tags?post=11660"}],"curies":[{"name":"wp","href":"https:\/\/api.w.org\/{rel}","templated":true}]}}