{"id":12221,"date":"2023-08-28T20:12:24","date_gmt":"2023-08-28T18:12:24","guid":{"rendered":"https:\/\/ciezaentumano.com\/?p=12221"},"modified":"2023-08-28T20:13:24","modified_gmt":"2023-08-28T18:13:24","slug":"roban-en-un-puesto-del-mercadillo-de-la-feria","status":"publish","type":"post","link":"https:\/\/ciezaentumano.com\/en\/roban-en-un-puesto-del-mercadillo-de-la-feria\/","title":{"rendered":"They steal from a stall at the Fair Market"},"content":{"rendered":"<p><strong>Official press release from the Cieza Local Police.<\/strong><\/p>\n<p>&nbsp;<\/p>\n<p>In the early hours of the 28th, thanks to citizen collaboration and the swift action of our patrols, three people were intercepted who had allegedly just stolen from a fair booth located in Plaza de Espa\u00f1a.<\/p>\n<p>&nbsp;<\/p>\n<p>The allegedly stolen products were recovered, and when they went to identify them, one of the suspects confronted the agents and had to be forcibly restrained. Once handcuffed, he was taken to the Civil Guard Headquarters for the alleged crime of assaulting law enforcement officers.<\/p>\n<p>&nbsp;<\/p>\n<p>&nbsp;<\/p>\n<p>&nbsp;<\/p>\n<p>&nbsp;<\/p>\n<p>&nbsp;<\/p>","protected":false},"excerpt":{"rendered":"<p>Nota de prensa oficial de la Polic\u00eda Local de Cieza. &nbsp; En la madrugada del d\u00eda 28, gracias a la colaboraci\u00f3n ciudadana y a la r\u00e1pida actuaci\u00f3n de nuestras patrullas, se intercept\u00f3 a tres personas que presuntamente acababan de hurtar en una caseta de feria situada en Plaza de Espa\u00f1a. &nbsp; Se pudo recuperar los [&hellip;]<\/p>","protected":false},"author":1,"featured_media":12222,"comment_status":"open","ping_status":"closed","sticky":false,"template":"","format":"standard","meta":{"_et_pb_use_builder":"","_et_pb_old_content":"","_et_gb_content_width":"","footnotes":""},"categories":[18],"tags":[],"amp_enabled":true,"_links":{"self":[{"href":"https:\/\/ciezaentumano.com\/en\/wp-json\/wp\/v2\/posts\/12221"}],"collection":[{"href":"https:\/\/ciezaentumano.com\/en\/wp-json\/wp\/v2\/posts"}],"about":[{"href":"https:\/\/ciezaentumano.com\/en\/wp-json\/wp\/v2\/types\/post"}],"author":[{"embeddable":true,"href":"https:\/\/ciezaentumano.com\/en\/wp-json\/wp\/v2\/users\/1"}],"replies":[{"embeddable":true,"href":"https:\/\/ciezaentumano.com\/en\/wp-json\/wp\/v2\/comments?post=12221"}],"version-history":[{"count":2,"href":"https:\/\/ciezaentumano.com\/en\/wp-json\/wp\/v2\/posts\/12221\/revisions"}],"predecessor-version":[{"id":12224,"href":"https:\/\/ciezaentumano.com\/en\/wp-json\/wp\/v2\/posts\/12221\/revisions\/12224"}],"wp:featuredmedia":[{"embeddable":true,"href":"https:\/\/ciezaentumano.com\/en\/wp-json\/wp\/v2\/media\/12222"}],"wp:attachment":[{"href":"https:\/\/ciezaentumano.com\/en\/wp-json\/wp\/v2\/media?parent=12221"}],"wp:term":[{"taxonomy":"category","embeddable":true,"href":"https:\/\/ciezaentumano.com\/en\/wp-json\/wp\/v2\/categories?post=12221"},{"taxonomy":"post_tag","embeddable":true,"href":"https:\/\/ciezaentumano.com\/en\/wp-json\/wp\/v2\/tags?post=12221"}],"curies":[{"name":"wp","href":"https:\/\/api.w.org\/{rel}","templated":true}]}}