{"id":12410,"date":"2023-09-12T13:59:45","date_gmt":"2023-09-12T11:59:45","guid":{"rendered":"https:\/\/ciezaentumano.com\/?p=12410"},"modified":"2023-10-26T21:21:55","modified_gmt":"2023-10-26T19:21:55","slug":"actos-previstos-por-el-75-aniversario-de-la-cofradia-de-san-pedro","status":"publish","type":"post","link":"https:\/\/ciezaentumano.com\/en\/actos-previstos-por-el-75-aniversario-de-la-cofradia-de-san-pedro\/","title":{"rendered":"Events planned for the 75th Anniversary of the Brotherhood of San Pedro"},"content":{"rendered":"<p>On Thursday, September 7, the commemorative events for the 75th anniversary of the founding of the Brotherhood of San Pedro de Cieza were presented at the Holy Week House Museum.<\/p>\n<p>The events begin next Tuesday <strong>September 19<\/strong> At the Siy\u00e2sa Museum, on San Sebasti\u00e1n Street, at 8 p.m., the opening of the exhibition &quot;Brotherhood of San Pedro. A Path of Overcoming and Faith.&quot;<\/p>\n<p><strong>The first of the prepared conferences is<\/strong> &#039;The Lament of Saint Peter: Tears as a Theme in the Baroque&#039;, to be taught by Jos\u00e9 Alberto Fern\u00e1ndez on Thursday <strong>September 28<\/strong>, at 9:00 p.m., at the Holy Week Museum of Cieza.<\/p>\n<p>The <strong>second conference<\/strong> planned for the <strong>October 5th<\/strong>, in the same place and at the same time, will focus on &#039;Palma Burgos. An artist between Spain and Italy&#039; by Jos\u00e9 Mar\u00eda C\u00e1mara Salmer\u00f3n from Cieza.<\/p>\n<h4>The great event, the Magna Procession<\/h4>\n<p>He <strong>Saturday, October 21st<\/strong> The Brotherhood will hold a <strong>&#039;Great procession&#039;<\/strong> along the traditional route of the old town starting at 6:00 p.m., where the floats of Santa Mar\u00eda de Cleof\u00e1s, Sant\u00edsimo Cristo de la Expiraci\u00f3n, Santas Mujeres Camino del Sepulcro and San Pedro will parade.<\/p>\n<p>He <strong>Saturday, October 28<\/strong>, at 7:30 p.m., in the Ciezano church of Santa Clara will host a <strong>Thanksgiving Eucharist<\/strong> which will include a <strong>violin and piano concerto. <\/strong><\/p>\n<p>To conclude the activities planned for the celebration of such an important anniversary at the Capitol Theater in Cieza, there will be the <strong>screening of a video documentary and a concert of processional marches<\/strong> by the Musical Association No Tenemos Prisa, an event that will take place on <strong>November 10<\/strong> at 9:30 p.m.<\/p>\n<p>Brotherhood member Abel Rubio Carrillo was responsible for creating the poster and the anniversary logo.<\/p>\n<p>.<\/p>\n<p><img loading=\"lazy\" decoding=\"async\" class=\"size-large wp-image-12411 aligncenter\" src=\"https:\/\/ciezaentumano.com\/wp-content\/uploads\/2023\/09\/374689127_3416279068686188_1116957375291108787_n-1024x732.jpg\" alt=\"\" width=\"1024\" height=\"732\" srcset=\"https:\/\/ciezaentumano.com\/wp-content\/uploads\/2023\/09\/374689127_3416279068686188_1116957375291108787_n-980x700.jpg 980w, https:\/\/ciezaentumano.com\/wp-content\/uploads\/2023\/09\/374689127_3416279068686188_1116957375291108787_n-480x343.jpg 480w\" sizes=\"(min-width: 0px) and (max-width: 480px) 480px, (min-width: 481px) and (max-width: 980px) 980px, (min-width: 981px) 1024px, 100vw\" \/><\/p>","protected":false},"excerpt":{"rendered":"<p>Exhibitions, concerts, conferences, Mass, and video screenings are some of the events planned to celebrate the 75th anniversary of the San Pedro de Cieza Brotherhood.<\/p>","protected":false},"author":1,"featured_media":12411,"comment_status":"open","ping_status":"closed","sticky":false,"template":"","format":"standard","meta":{"_et_pb_use_builder":"","_et_pb_old_content":"","_et_gb_content_width":"","footnotes":""},"categories":[2],"tags":[],"amp_enabled":true,"_links":{"self":[{"href":"https:\/\/ciezaentumano.com\/en\/wp-json\/wp\/v2\/posts\/12410"}],"collection":[{"href":"https:\/\/ciezaentumano.com\/en\/wp-json\/wp\/v2\/posts"}],"about":[{"href":"https:\/\/ciezaentumano.com\/en\/wp-json\/wp\/v2\/types\/post"}],"author":[{"embeddable":true,"href":"https:\/\/ciezaentumano.com\/en\/wp-json\/wp\/v2\/users\/1"}],"replies":[{"embeddable":true,"href":"https:\/\/ciezaentumano.com\/en\/wp-json\/wp\/v2\/comments?post=12410"}],"version-history":[{"count":1,"href":"https:\/\/ciezaentumano.com\/en\/wp-json\/wp\/v2\/posts\/12410\/revisions"}],"predecessor-version":[{"id":12412,"href":"https:\/\/ciezaentumano.com\/en\/wp-json\/wp\/v2\/posts\/12410\/revisions\/12412"}],"wp:featuredmedia":[{"embeddable":true,"href":"https:\/\/ciezaentumano.com\/en\/wp-json\/wp\/v2\/media\/12411"}],"wp:attachment":[{"href":"https:\/\/ciezaentumano.com\/en\/wp-json\/wp\/v2\/media?parent=12410"}],"wp:term":[{"taxonomy":"category","embeddable":true,"href":"https:\/\/ciezaentumano.com\/en\/wp-json\/wp\/v2\/categories?post=12410"},{"taxonomy":"post_tag","embeddable":true,"href":"https:\/\/ciezaentumano.com\/en\/wp-json\/wp\/v2\/tags?post=12410"}],"curies":[{"name":"wp","href":"https:\/\/api.w.org\/{rel}","templated":true}]}}