{"id":15860,"date":"2026-04-30T00:05:23","date_gmt":"2026-04-29T22:05:23","guid":{"rendered":"https:\/\/ciezaentumano.com\/?p=15860"},"modified":"2026-04-30T00:05:23","modified_gmt":"2026-04-29T22:05:23","slug":"mesa-redonda-enfrentar-la-adversidad-trance-privado-o-visibilidad-social","status":"publish","type":"post","link":"https:\/\/ciezaentumano.com\/en\/mesa-redonda-enfrentar-la-adversidad-trance-privado-o-visibilidad-social\/","title":{"rendered":"Round Table FACING ADVERSITY: private trance or social visibility?"},"content":{"rendered":"<p>Esta mesa redonda re\u00fane voces que entrelazan la experiencia vital, el arte y la ciencia:<\/p>\n<p>Mat\u00edas Cantabella Pardo. Licenciado en arte dram\u00e1tico, concejal en San Javier, activista y referente en la defensa de derechos civiles, con un testimonio sustancial para entender la resiliencia frente a la adversidad<\/p>\n<p>Jes\u00fas Santos Salmer\u00f3n. Maestro en Hoya del Campo y pintor, que aporta su experiencia con el Parkinson a trav\u00e9s del arte, valorando la capacidad transformadora y creativa ante los desaf\u00edos de la vida<\/p>\n<p>Conrado Naval\u00f3n Vila. Doctor en psicolog\u00eda y profesor de la Universidad de Murcia, que proporciona la visi\u00f3n de la neurociencia y su vivencia personal con la ataxia SCA36<\/p>\n<p>Jos\u00e9 Berm\u00fadez Soler. Comercial ciezano retirado afectado de c\u00e1ncer, que ha hecho del compromiso social su modo de vida y su manera de afrontar la\u00a0 adversidad<\/p>\n<p>Fabi\u00e1n Mu\u00f1oz Ortega. Representante de APENCI, fisioterapeuta con m\u00e1s de 25 a\u00f1os de experiencia en el \u00e1mbito de la discapacidad y las personas mayores, actualmente con gran dedicaci\u00f3n a la enfermedad de Parkinson<\/p>\n<p>Miriam S\u00e1nchez Regasdera. Psic\u00f3loga de la Junta local de la Asociaci\u00f3n Espa\u00f1ola contra el C\u00e1ncer (AECC), que aportar\u00e1 su visi\u00f3n profesional para abordar el acompa\u00f1amiento emocional<\/p>\n<p>moderadora<\/p>\n<p>Mar\u00eda Luisa del Pueblo Bernab\u00e9 Trabajadora social jubilada<\/p>","protected":false},"excerpt":{"rendered":"<p>Pain and adversity pose a profound ethical dilemma: should we<br \/>\nTo keep suffering in private trance?<\/p>","protected":false},"author":1,"featured_media":15861,"comment_status":"open","ping_status":"closed","sticky":false,"template":"","format":"standard","meta":{"_et_pb_use_builder":"","_et_pb_old_content":"","_et_gb_content_width":"","footnotes":""},"categories":[2],"tags":[],"amp_enabled":true,"_links":{"self":[{"href":"https:\/\/ciezaentumano.com\/en\/wp-json\/wp\/v2\/posts\/15860"}],"collection":[{"href":"https:\/\/ciezaentumano.com\/en\/wp-json\/wp\/v2\/posts"}],"about":[{"href":"https:\/\/ciezaentumano.com\/en\/wp-json\/wp\/v2\/types\/post"}],"author":[{"embeddable":true,"href":"https:\/\/ciezaentumano.com\/en\/wp-json\/wp\/v2\/users\/1"}],"replies":[{"embeddable":true,"href":"https:\/\/ciezaentumano.com\/en\/wp-json\/wp\/v2\/comments?post=15860"}],"version-history":[{"count":1,"href":"https:\/\/ciezaentumano.com\/en\/wp-json\/wp\/v2\/posts\/15860\/revisions"}],"predecessor-version":[{"id":15862,"href":"https:\/\/ciezaentumano.com\/en\/wp-json\/wp\/v2\/posts\/15860\/revisions\/15862"}],"wp:featuredmedia":[{"embeddable":true,"href":"https:\/\/ciezaentumano.com\/en\/wp-json\/wp\/v2\/media\/15861"}],"wp:attachment":[{"href":"https:\/\/ciezaentumano.com\/en\/wp-json\/wp\/v2\/media?parent=15860"}],"wp:term":[{"taxonomy":"category","embeddable":true,"href":"https:\/\/ciezaentumano.com\/en\/wp-json\/wp\/v2\/categories?post=15860"},{"taxonomy":"post_tag","embeddable":true,"href":"https:\/\/ciezaentumano.com\/en\/wp-json\/wp\/v2\/tags?post=15860"}],"curies":[{"name":"wp","href":"https:\/\/api.w.org\/{rel}","templated":true}]}}