{"id":5943,"date":"2019-01-16T14:42:54","date_gmt":"2019-01-16T13:42:54","guid":{"rendered":"https:\/\/ciezaentumano.com\/?p=5943"},"modified":"2019-02-19T02:01:33","modified_gmt":"2019-02-19T01:01:33","slug":"llos-trabajos-del-iii-concurso-de-fotografia-sobre-el-patrimonio-arqueologico-llegan-a-cieza","status":"publish","type":"post","link":"https:\/\/ciezaentumano.com\/en\/llos-trabajos-del-iii-concurso-de-fotografia-sobre-el-patrimonio-arqueologico-llegan-a-cieza\/","title":{"rendered":"The works of the 3rd Archaeological Heritage Photography Contest arrive in Cieza"},"content":{"rendered":"<p>The\u00a0<strong>Association of Friends of the Municipal Archaeological Museum of Cartagena Enrique Escudero de Castro,<\/strong>\u00a0will expose from this\u00a0<strong>Thursday, January 17<\/strong>, at\u00a0<strong>7:30 p.m.<\/strong>, in it\u00a0<strong>Siy\u00e2sa Museum of Cieza<\/strong>, the photos of the Third Photography Contest on the Archaeological Heritage of the Region of Murcia, which includes photographs of the Archaeological Heritage of Cieza and by photographers from Cieza.<\/p>\n<p>Last November the call was made\u00a0<strong>Third Edition of the \u201cAntonio Acosta Hern\u00e1ndez\u201d Photography Contest\u00a0<\/strong>in homage to the man who was its first president.<\/p>\n<p>The main theme of the contest is the\u00a0<strong>archaeological heritage<\/strong>. The\u00a0<strong>Archeology<\/strong>\u00a0It provides material goods with historical, cultural and aesthetic value that give us back the essence of the people who lived in each historical setting.<\/p>\n<p>With this contest, and its subsequent exhibition, the objective is to propose a\u00a0<strong>challenge to the photographer&#039;s gaze<\/strong>, so that it captures that essence and captures these values, at the same time, that it serves to\u00a0<strong>to disseminate the fabulous regional archaeological heritage.<\/strong><\/p>\n<p>The\u00a0<strong>first edition<\/strong>\u00a0focused on the\u00a0<strong>archaeological heritage of Cartagena and its surroundings<\/strong>, but from the\u00a0<strong>second edition<\/strong>\u00a0spread to\u00a0<strong>the entire Region of Murcia<\/strong>.<\/p>\n<p>The unpublished, original works, either in color or black and white, were\u00a0<strong>presented<\/strong>\u00a0until the\u00a0<strong>October 22<\/strong>\u00a0at the headquarters of the Municipal Archaeological Museum &#039;Enrique Escudero de Castro&#039;. In total, there were\u00a0<strong>42 works presented<\/strong>.<\/p>\n<p>He\u00a0<strong>November 16<\/strong>, in the Municipal Archaeological Museum, the\u00a0<strong>awards ceremony\u00a0<\/strong>of the photography contest with the assistance of the\u00a0<strong>Heritage Councilor of the Cartagena City Council<\/strong>,\u00a0<strong>General Coordinator of the Archaeological Historical Heritage of Cartagena<\/strong>,\u00a0<strong>members of the Board of Directors of MUSAEDOMUS<\/strong>\u00a0and\u00a0<strong>technicians from the Archaeological Museum itself<\/strong>.<\/p>\n<p>He\u00a0<strong>jury<\/strong>\u00a0It was composed of\u00a0<strong>professionals<\/strong>\u00a0of recognized prestige in the areas of\u00a0<strong>Archeology\u00a0<\/strong>and\u00a0<strong>Photograph<\/strong>. As for the prizes, there were three, the 1st one endowed with\u00a0<strong>500 euros and a trophy<\/strong>, a sculpture by Fernando S\u00e1enz de Elorrieta; the 2nd, with\u00a0<strong>300 euros<\/strong>; and the 3rd, with\u00a0<strong>100 euros<\/strong>.<\/p>\n<p>The winning photographs of the contest were:\u00a0<strong>Compass rose<\/strong>\u00a0from Yecla native Juan Miguel Ortu\u00f1o Mart\u00ednez,\u00a0<strong>Argaric burial<\/strong>\u00a0from Cartagena&#039;s M\u00aa Nieves Ortu\u00f1o S\u00e1enz and\u00a0<strong>\u00abPersonal Traits\u00bb<\/strong>\u00a0from the Murcian Miguel Mart\u00ednez S\u00e1nchez.<\/p>\n<p>After the contest winners were announced and the exhibition was on display at the Cartagena Municipal Archaeological Museum, it was decided to offer it to other museums in the region. The first stop is this Thursday, January 17th, at\u00a0<strong>he<\/strong>\u00a0<strong>Siy\u00e2sa Museum of Cieza.\u00a0<\/strong><\/p>\n<p>The exhibition can be visited until\u00a0<strong>February 10\u00a0<\/strong>The following hours apply: Tuesday to Saturday, 11:00 a.m. to 1:30 p.m. and 5:30 p.m. to 9:00 p.m. Sundays, 10:30 a.m. to 2:00 p.m.<\/p>\n<p>Source: Cartagena.es<\/p>\n<p><img loading=\"lazy\" decoding=\"async\" class=\"aligncenter size-full wp-image-5944\" src=\"https:\/\/ciezaentumano.com\/wp-content\/uploads\/2019\/01\/Cartel-de-la-exposici\u00f3n-del-concurso-de-fotograf\u00eda-de-arte-rupestre-en-Cieza..jpg\" alt=\"Cartel de la exposici\u00f3n del concurso de fotograf\u00eda de arte rupestre en Cieza.\" width=\"720\" height=\"960\" srcset=\"https:\/\/ciezaentumano.com\/wp-content\/uploads\/2019\/01\/Cartel-de-la-exposici\u00f3n-del-concurso-de-fotograf\u00eda-de-arte-rupestre-en-Cieza..jpg 720w, https:\/\/ciezaentumano.com\/wp-content\/uploads\/2019\/01\/Cartel-de-la-exposici\u00f3n-del-concurso-de-fotograf\u00eda-de-arte-rupestre-en-Cieza.-225x300.jpg 225w\" sizes=\"(max-width: 720px) 100vw, 720px\" \/><\/p>","protected":false},"excerpt":{"rendered":"<p>La\u00a0Asociaci\u00f3n de Amigos del Museo Arqueol\u00f3gico Municipal de Cartagena Enrique Escudero de Castro,\u00a0expondr\u00e1 a partir de este\u00a0jueves 17 enero, a las\u00a019:30 horas, en el\u00a0Museo de Siy\u00e2sa de Cieza, las fotos del Tercer Concurso de Fotograf\u00eda sobre el Patrimonio Arqueol\u00f3gico de la Regi\u00f3n de Murcia, donde se incluyen fotograf\u00edas de Patrimonio Arqueol\u00f3gico de Cieza y de [&hellip;]<\/p>","protected":false},"author":1,"featured_media":5944,"comment_status":"open","ping_status":"closed","sticky":false,"template":"","format":"standard","meta":{"_et_pb_use_builder":"","_et_pb_old_content":"","_et_gb_content_width":"","footnotes":""},"categories":[2],"tags":[],"amp_enabled":true,"_links":{"self":[{"href":"https:\/\/ciezaentumano.com\/en\/wp-json\/wp\/v2\/posts\/5943"}],"collection":[{"href":"https:\/\/ciezaentumano.com\/en\/wp-json\/wp\/v2\/posts"}],"about":[{"href":"https:\/\/ciezaentumano.com\/en\/wp-json\/wp\/v2\/types\/post"}],"author":[{"embeddable":true,"href":"https:\/\/ciezaentumano.com\/en\/wp-json\/wp\/v2\/users\/1"}],"replies":[{"embeddable":true,"href":"https:\/\/ciezaentumano.com\/en\/wp-json\/wp\/v2\/comments?post=5943"}],"version-history":[{"count":4,"href":"https:\/\/ciezaentumano.com\/en\/wp-json\/wp\/v2\/posts\/5943\/revisions"}],"predecessor-version":[{"id":6132,"href":"https:\/\/ciezaentumano.com\/en\/wp-json\/wp\/v2\/posts\/5943\/revisions\/6132"}],"wp:featuredmedia":[{"embeddable":true,"href":"https:\/\/ciezaentumano.com\/en\/wp-json\/wp\/v2\/media\/5944"}],"wp:attachment":[{"href":"https:\/\/ciezaentumano.com\/en\/wp-json\/wp\/v2\/media?parent=5943"}],"wp:term":[{"taxonomy":"category","embeddable":true,"href":"https:\/\/ciezaentumano.com\/en\/wp-json\/wp\/v2\/categories?post=5943"},{"taxonomy":"post_tag","embeddable":true,"href":"https:\/\/ciezaentumano.com\/en\/wp-json\/wp\/v2\/tags?post=5943"}],"curies":[{"name":"wp","href":"https:\/\/api.w.org\/{rel}","templated":true}]}}