{"id":6112,"date":"2019-02-14T01:18:03","date_gmt":"2019-02-14T00:18:03","guid":{"rendered":"https:\/\/ciezaentumano.com\/?p=6112"},"modified":"2019-04-15T19:49:12","modified_gmt":"2019-04-15T17:49:12","slug":"mercado-semanal-traslada-provisionalmente-su-emplazamiento-partir-miercoles-febrero","status":"publish","type":"post","link":"https:\/\/ciezaentumano.com\/en\/mercado-semanal-traslada-provisionalmente-su-emplazamiento-partir-miercoles-febrero\/","title":{"rendered":"The weekly market is temporarily moving its location starting Wednesday, February 20."},"content":{"rendered":"<p>The Cieza Town Council&#039;s Department of Commerce informs the general public that, starting next Wednesday, February 20th, the weekly market will be temporarily relocated to the streets surrounding the G\u00e9neros de Punto Cultural Center. Specifically, to the following streets:<strong> Maestro Argenta, Fernando III El Santo, Doctor Fleming, Gregorio Mara\u00f1\u00f3n, Vel\u00e1zquez and Zaraiche streets.<\/strong><\/p>\n<p>The reason for this relocation, which is temporary, is the start of the paving and sidewalk repair works in various streets of the San Jos\u00e9 Obrero neighborhood where the weekly market is currently located. It is planned that, when these works are completed, it will return to its original location with better accessibility and transit conditions for the merchants and users of the traditional Wednesday market.<\/p>","protected":false},"excerpt":{"rendered":"<p>The reason for this temporary move is the start of paving and sidewalk repair work on several streets in the San Jos\u00e9 Obrero neighborhood.<\/p>","protected":false},"author":1,"featured_media":2076,"comment_status":"open","ping_status":"closed","sticky":false,"template":"","format":"standard","meta":{"_et_pb_use_builder":"","_et_pb_old_content":"","_et_gb_content_width":"","footnotes":""},"categories":[18],"tags":[],"amp_enabled":true,"_links":{"self":[{"href":"https:\/\/ciezaentumano.com\/en\/wp-json\/wp\/v2\/posts\/6112"}],"collection":[{"href":"https:\/\/ciezaentumano.com\/en\/wp-json\/wp\/v2\/posts"}],"about":[{"href":"https:\/\/ciezaentumano.com\/en\/wp-json\/wp\/v2\/types\/post"}],"author":[{"embeddable":true,"href":"https:\/\/ciezaentumano.com\/en\/wp-json\/wp\/v2\/users\/1"}],"replies":[{"embeddable":true,"href":"https:\/\/ciezaentumano.com\/en\/wp-json\/wp\/v2\/comments?post=6112"}],"version-history":[{"count":1,"href":"https:\/\/ciezaentumano.com\/en\/wp-json\/wp\/v2\/posts\/6112\/revisions"}],"predecessor-version":[{"id":6113,"href":"https:\/\/ciezaentumano.com\/en\/wp-json\/wp\/v2\/posts\/6112\/revisions\/6113"}],"wp:featuredmedia":[{"embeddable":true,"href":"https:\/\/ciezaentumano.com\/en\/wp-json\/wp\/v2\/media\/2076"}],"wp:attachment":[{"href":"https:\/\/ciezaentumano.com\/en\/wp-json\/wp\/v2\/media?parent=6112"}],"wp:term":[{"taxonomy":"category","embeddable":true,"href":"https:\/\/ciezaentumano.com\/en\/wp-json\/wp\/v2\/categories?post=6112"},{"taxonomy":"post_tag","embeddable":true,"href":"https:\/\/ciezaentumano.com\/en\/wp-json\/wp\/v2\/tags?post=6112"}],"curies":[{"name":"wp","href":"https:\/\/api.w.org\/{rel}","templated":true}]}}