{"id":6742,"date":"2019-06-05T23:54:53","date_gmt":"2019-06-05T21:54:53","guid":{"rendered":"https:\/\/ciezaentumano.com\/?p=6742"},"modified":"2019-06-05T23:54:53","modified_gmt":"2019-06-05T21:54:53","slug":"inauguracion-exposicion-fotografia-universidad-popular-museo-siyasa","status":"publish","type":"post","link":"https:\/\/ciezaentumano.com\/en\/inauguracion-exposicion-fotografia-universidad-popular-museo-siyasa\/","title":{"rendered":"Opening of the People&#039;s University photography exhibition at the Siy\u00e2sa Museum"},"content":{"rendered":"<p>This Thursday at 8 p.m., we will host the opening of the Universidad Popular&#039;s photography exhibition at the Siy\u00e2sa Museum.<\/p>\n<p>Exhibition that will be open until next Friday, June 21.<\/p>\n<p>&nbsp;<\/p>\n<div id=\"attachment_6743\" style=\"width: 688px\" class=\"wp-caption aligncenter\"><img loading=\"lazy\" decoding=\"async\" aria-describedby=\"caption-attachment-6743\" class=\"size-full wp-image-6743\" src=\"https:\/\/ciezaentumano.com\/wp-content\/uploads\/2019\/06\/Cartel-de-la-exposici\u00f3n-de-fotograf\u00eda-en-el-Museo-de-Siy\u00e2sa-Cieza..jpg\" alt=\"Imagen del Cartel de la exposici\u00f3n de fotograf\u00eda en el Museo de Siy\u00e2sa Cieza.\" width=\"678\" height=\"960\" srcset=\"https:\/\/ciezaentumano.com\/wp-content\/uploads\/2019\/06\/Cartel-de-la-exposici\u00f3n-de-fotograf\u00eda-en-el-Museo-de-Siy\u00e2sa-Cieza..jpg 678w, https:\/\/ciezaentumano.com\/wp-content\/uploads\/2019\/06\/Cartel-de-la-exposici\u00f3n-de-fotograf\u00eda-en-el-Museo-de-Siy\u00e2sa-Cieza.-212x300.jpg 212w\" sizes=\"(max-width: 678px) 100vw, 678px\" \/><p id=\"caption-attachment-6743\" class=\"wp-caption-text\">Poster for the photography exhibition at the Siy\u00e2sa Cieza Museum.<\/p><\/div>","protected":false},"excerpt":{"rendered":"<p>This Thursday at 8:00 p.m., we&#039;ll be hosting the opening of the Universidad Popular&#039;s photography exhibition at the Siy\u00e2sa Museum. The exhibition will be open until Friday, June 21st. &nbsp;<\/p>","protected":false},"author":1,"featured_media":6743,"comment_status":"open","ping_status":"closed","sticky":false,"template":"","format":"standard","meta":{"_et_pb_use_builder":"","_et_pb_old_content":"","_et_gb_content_width":"","footnotes":""},"categories":[2],"tags":[],"amp_enabled":true,"_links":{"self":[{"href":"https:\/\/ciezaentumano.com\/en\/wp-json\/wp\/v2\/posts\/6742"}],"collection":[{"href":"https:\/\/ciezaentumano.com\/en\/wp-json\/wp\/v2\/posts"}],"about":[{"href":"https:\/\/ciezaentumano.com\/en\/wp-json\/wp\/v2\/types\/post"}],"author":[{"embeddable":true,"href":"https:\/\/ciezaentumano.com\/en\/wp-json\/wp\/v2\/users\/1"}],"replies":[{"embeddable":true,"href":"https:\/\/ciezaentumano.com\/en\/wp-json\/wp\/v2\/comments?post=6742"}],"version-history":[{"count":1,"href":"https:\/\/ciezaentumano.com\/en\/wp-json\/wp\/v2\/posts\/6742\/revisions"}],"predecessor-version":[{"id":6744,"href":"https:\/\/ciezaentumano.com\/en\/wp-json\/wp\/v2\/posts\/6742\/revisions\/6744"}],"wp:featuredmedia":[{"embeddable":true,"href":"https:\/\/ciezaentumano.com\/en\/wp-json\/wp\/v2\/media\/6743"}],"wp:attachment":[{"href":"https:\/\/ciezaentumano.com\/en\/wp-json\/wp\/v2\/media?parent=6742"}],"wp:term":[{"taxonomy":"category","embeddable":true,"href":"https:\/\/ciezaentumano.com\/en\/wp-json\/wp\/v2\/categories?post=6742"},{"taxonomy":"post_tag","embeddable":true,"href":"https:\/\/ciezaentumano.com\/en\/wp-json\/wp\/v2\/tags?post=6742"}],"curies":[{"name":"wp","href":"https:\/\/api.w.org\/{rel}","templated":true}]}}