{"id":6764,"date":"2019-06-09T01:00:07","date_gmt":"2019-06-08T23:00:07","guid":{"rendered":"https:\/\/ciezaentumano.com\/?p=6764"},"modified":"2019-06-14T01:05:51","modified_gmt":"2019-06-13T23:05:51","slug":"dark-trail-nocturna-sabado-noche-cieza","status":"publish","type":"post","link":"https:\/\/ciezaentumano.com\/en\/dark-trail-nocturna-sabado-noche-cieza\/","title":{"rendered":"Dark Trail at night this Saturday night in Cieza"},"content":{"rendered":"<p>Just two days separate us from the next new event on the FAMU Trail Tour 2018\/19 calendar, as part of the Dark Trail Cieza. It will take place this Saturday the 15th, with the start and finish at the La Era Football Field starting at 9:00 p.m., offering the possibility of choosing between a 13.5km or 21km competitive distance\u2014the distance being<span class=\"text_exposed_show\">long route, the 17th scoring route in the 2018\/19 TTF, as well as the hiking route of approximately 10km.<\/p>\n<p>Registration is still open for the event, organized by the\u00a0<a href=\"https:\/\/www.facebook.com\/C-de-Monta%C3%B1a-Acho-cieza-102770746974203\/?__xts__%5B0%5D=68.ARCfqlvbRrE-f6lcF3dzKu6s4SRMtX44NibScWQE0EMsHCrDl3hQKKkNqiW8UhZDU6kUwmm1jww5fEHpl9ZRmFzEHRGRhdX18pWI1Ka44mzhPQWvBYFO9pTuwY68MlwlfqeYF8GylIuBXKigOsZae2zGq6X_U3lree90ZTkkad3SCXz7HaY9hP0FuirwEXYD9-E-8bQFxcduK2LRbdeyRVNSTwwBhQ12xCPrFNhMssZ0ZmK3yFFmZUC2th5iKuis0pp32b7RESuXozNcz35xUDrdVt365hXHBfb9zFPrXr6oPpKQTz6ylyMb2tW31eGqlRczJCeszmbRXq0RFqgTAbpX0w&amp;__tn__=%2CdK%2AF-R&amp;eid=ARA_7FA0i5tNmQajQE9ScZySHlN6Tr4e8C7T6dLPXeZCjRjrnwekZfzFC0wlN8MP1y5HiTpyHGmy3R1C\" data-hovercard=\"\/ajax\/hovercard\/page.php?id=102770746974203&amp;extragetparams=%7B%22__tn__%22%3A%22%2CdK%2AF-R%22%2C%22eid%22%3A%22ARA_7FA0i5tNmQajQE9ScZySHlN6Tr4e8C7T6dLPXeZCjRjrnwekZfzFC0wlN8MP1y5HiTpyHGmy3R1C%22%2C%22directed_target_id%22%3Anull%2C%22groups_location%22%3Anull%7D\" data-hovercard-prefer-more-content-show=\"1\" target=\"_blank\" rel=\"noopener\">C. de Monta\u00f1a Acho-cieza<\/a>, in collaboration with the Association of Solidarity Hiking of the Region of Murcia, the City Council of Cieza and the FAMU, through Alcanza Tu Meta (Reach Your Goal)<a href=\"https:\/\/l.facebook.com\/l.php?u=http%3A%2F%2Fwww.alcanzatumeta.es%2Finscripcionp1.php%3Fid%3D419405%26fbclid%3DIwAR1E9VPRrP0oApkI47u9rZVuHp99zxKZDSXpLGdWoq-c2gZSLtc26mtu1PQ&amp;h=AT2hF3aUzlb2bluE7PJhqyBFCj3OZYtF6R1tRAEBD8G_Z5X94VOpSxRm0L4DaOTJ6X0HowzAT2-OTj_dsLulZ6FRgdktV9Csf3DbrFFIJy8TfdFk8pmJP3Rw8cEn7614gNAkvzvn\" target=\"_blank\" rel=\"nofollow noopener noreferrer\" data-lynx-mode=\"asynclazy\">http:\/\/<wbr \/>www.alcanzatumeta.es\/<wbr \/>inscripcionp1.php?id=419405<\/a>), until this Wednesday the 12th at 8:00 p.m. for card payments (POS) or to reach the registration limit. The cost of registrations is \u20ac23 for the races (\u20ac20 for athletes with a FAMU license or members of the Solidarity Hiking Association), and \u20ac15 for the hiking route (\u20ac10 for athletes with the aforementioned licenses).<\/p>\n<p>Race numbers can be collected on the day of the race at the start area. Please remember that you must show your ID or proof of identity. Prizes will be awarded to the top three finishers in each category, as well as the top three overall finishers (male and female), and the top three local finishers.<br \/>\n<\/span><\/p>","protected":false},"excerpt":{"rendered":"<p>Apenas nos separan dos d\u00edas de la pr\u00f3xima cita novedosa en el calendario del circuito Trail Tour FAMU 2018\/19, en el marco de la Dark Trail Cieza. As\u00ed ser\u00e1 este s\u00e1bado 15, con salida y meta en el Campo de F\u00fatbol de La Era a partir de las 21:00h., ofreciendo la posibilidad de elegir entre [&hellip;]<\/p>","protected":false},"author":1,"featured_media":6765,"comment_status":"open","ping_status":"closed","sticky":false,"template":"","format":"standard","meta":{"_et_pb_use_builder":"","_et_pb_old_content":"","_et_gb_content_width":"","footnotes":""},"categories":[3],"tags":[],"amp_enabled":true,"_links":{"self":[{"href":"https:\/\/ciezaentumano.com\/en\/wp-json\/wp\/v2\/posts\/6764"}],"collection":[{"href":"https:\/\/ciezaentumano.com\/en\/wp-json\/wp\/v2\/posts"}],"about":[{"href":"https:\/\/ciezaentumano.com\/en\/wp-json\/wp\/v2\/types\/post"}],"author":[{"embeddable":true,"href":"https:\/\/ciezaentumano.com\/en\/wp-json\/wp\/v2\/users\/1"}],"replies":[{"embeddable":true,"href":"https:\/\/ciezaentumano.com\/en\/wp-json\/wp\/v2\/comments?post=6764"}],"version-history":[{"count":2,"href":"https:\/\/ciezaentumano.com\/en\/wp-json\/wp\/v2\/posts\/6764\/revisions"}],"predecessor-version":[{"id":6767,"href":"https:\/\/ciezaentumano.com\/en\/wp-json\/wp\/v2\/posts\/6764\/revisions\/6767"}],"wp:featuredmedia":[{"embeddable":true,"href":"https:\/\/ciezaentumano.com\/en\/wp-json\/wp\/v2\/media\/6765"}],"wp:attachment":[{"href":"https:\/\/ciezaentumano.com\/en\/wp-json\/wp\/v2\/media?parent=6764"}],"wp:term":[{"taxonomy":"category","embeddable":true,"href":"https:\/\/ciezaentumano.com\/en\/wp-json\/wp\/v2\/categories?post=6764"},{"taxonomy":"post_tag","embeddable":true,"href":"https:\/\/ciezaentumano.com\/en\/wp-json\/wp\/v2\/tags?post=6764"}],"curies":[{"name":"wp","href":"https:\/\/api.w.org\/{rel}","templated":true}]}}