{"id":6796,"date":"2019-06-21T14:26:58","date_gmt":"2019-06-21T12:26:58","guid":{"rendered":"https:\/\/ciezaentumano.com\/?p=6796"},"modified":"2019-06-22T14:51:26","modified_gmt":"2019-06-22T12:51:26","slug":"xiii-romeria-rociera-cieza","status":"publish","type":"post","link":"https:\/\/ciezaentumano.com\/en\/xiii-romeria-rociera-cieza\/","title":{"rendered":"XIII Rociera Pilgrimage of Cieza"},"content":{"rendered":"<div class=\"\" data-block=\"true\" data-editor=\"algt4\" data-offset-key=\"cukvh-0-0\">\n<div class=\"_1mf _1mj\" data-offset-key=\"cukvh-0-0\"><span data-offset-key=\"cukvh-0-0\">The Rociero Group of Segura de Cieza, in collaboration with the City Council, has once again prepared various events for the 13th Rociera Pilgrimage, which will be held on Saturday and Sunday, June 22 and 23.<\/span><\/div>\n<\/div>\n<div class=\"\" data-block=\"true\" data-editor=\"algt4\" data-offset-key=\"abfvh-0-0\">\n<div class=\"_1mf _1mj\" data-offset-key=\"abfvh-0-0\"><span data-offset-key=\"abfvh-0-0\">\u00a0<\/span><\/div>\n<\/div>\n<p>The Grupo Rociero del Segura choir invites us to the 13th Romer\u00eda Rociera de Cieza on June 22 and 23.<\/p>\n<div class=\"\" data-block=\"true\" data-editor=\"algt4\" data-offset-key=\"bf4n1-0-0\">\n<div class=\"_1mf _1mj\" data-offset-key=\"bf4n1-0-0\"><span data-offset-key=\"bf4n1-0-0\">Saturday the 22nd, at 9:30 p.m., lights will be switched on and the fairgrounds will be inaugurated at Arenal del R\u00edo, followed by a performance by Maribel Castillo at 11:00 p.m.<\/span><\/div>\n<\/div>\n<div class=\"\" data-block=\"true\" data-editor=\"algt4\" data-offset-key=\"d0vtf-0-0\">\n<div class=\"_1mf _1mj\" data-offset-key=\"d0vtf-0-0\"><span data-offset-key=\"d0vtf-0-0\">\u00a0<\/span><\/div>\n<\/div>\n<div class=\"\" data-block=\"true\" data-editor=\"algt4\" data-offset-key=\"3tfdc-0-0\">\n<div class=\"_1mf _1mj\" data-offset-key=\"3tfdc-0-0\"><span data-offset-key=\"3tfdc-0-0\">Sunday the 23rd, at 10:00 a.m., there will be a religious ceremony in San Joaqu\u00edn, followed by the traditional procession of the Virgen del Roc\u00edo, with the arrival and reception of the image at Arenal del R\u00edo. After its arrival, there will be a brotherhood meal. At 4:30 p.m., there will be a performance by Antonio Micol.<\/span><\/div>\n<\/div>\n<p>The poster was made by Ana Camacho Rodr\u00edguez in the II Painting Competition for the advertising poster<span class=\"text_exposed_show\">leader of the Rociera pilgrimage of Cieza.<\/span><\/p>\n<p>&nbsp;<\/p>\n<p><img loading=\"lazy\" decoding=\"async\" class=\"aligncenter size-full wp-image-6797\" src=\"https:\/\/ciezaentumano.com\/wp-content\/uploads\/2019\/06\/Cartel-de-la-Romer\u00eda-Rociera-de-Cieza-2019..jpg\" alt=\"\" width=\"397\" height=\"564\" srcset=\"https:\/\/ciezaentumano.com\/wp-content\/uploads\/2019\/06\/Cartel-de-la-Romer\u00eda-Rociera-de-Cieza-2019..jpg 397w, https:\/\/ciezaentumano.com\/wp-content\/uploads\/2019\/06\/Cartel-de-la-Romer\u00eda-Rociera-de-Cieza-2019.-211x300.jpg 211w\" sizes=\"(max-width: 397px) 100vw, 397px\" \/><\/p>","protected":false},"excerpt":{"rendered":"<p>El Grupo Rociero del Segura de Cieza en colaboraci\u00f3n con el Ayuntamiento ha preparado un a\u00f1o m\u00e1s diversos actos dentro de la XIII Romer\u00eda Rociera que se celebrar\u00e1 los pr\u00f3ximos d\u00edas 22 y 23 de junio, s\u00e1bado y domingo. \u00a0 El coro del Grupo Rociero del Segura nos invita el pr\u00f3ximo 22 y 23 de [&hellip;]<\/p>","protected":false},"author":1,"featured_media":6797,"comment_status":"open","ping_status":"closed","sticky":false,"template":"","format":"standard","meta":{"_et_pb_use_builder":"","_et_pb_old_content":"","_et_gb_content_width":"","footnotes":""},"categories":[2],"tags":[],"amp_enabled":true,"_links":{"self":[{"href":"https:\/\/ciezaentumano.com\/en\/wp-json\/wp\/v2\/posts\/6796"}],"collection":[{"href":"https:\/\/ciezaentumano.com\/en\/wp-json\/wp\/v2\/posts"}],"about":[{"href":"https:\/\/ciezaentumano.com\/en\/wp-json\/wp\/v2\/types\/post"}],"author":[{"embeddable":true,"href":"https:\/\/ciezaentumano.com\/en\/wp-json\/wp\/v2\/users\/1"}],"replies":[{"embeddable":true,"href":"https:\/\/ciezaentumano.com\/en\/wp-json\/wp\/v2\/comments?post=6796"}],"version-history":[{"count":2,"href":"https:\/\/ciezaentumano.com\/en\/wp-json\/wp\/v2\/posts\/6796\/revisions"}],"predecessor-version":[{"id":6799,"href":"https:\/\/ciezaentumano.com\/en\/wp-json\/wp\/v2\/posts\/6796\/revisions\/6799"}],"wp:featuredmedia":[{"embeddable":true,"href":"https:\/\/ciezaentumano.com\/en\/wp-json\/wp\/v2\/media\/6797"}],"wp:attachment":[{"href":"https:\/\/ciezaentumano.com\/en\/wp-json\/wp\/v2\/media?parent=6796"}],"wp:term":[{"taxonomy":"category","embeddable":true,"href":"https:\/\/ciezaentumano.com\/en\/wp-json\/wp\/v2\/categories?post=6796"},{"taxonomy":"post_tag","embeddable":true,"href":"https:\/\/ciezaentumano.com\/en\/wp-json\/wp\/v2\/tags?post=6796"}],"curies":[{"name":"wp","href":"https:\/\/api.w.org\/{rel}","templated":true}]}}