{"id":6966,"date":"2019-09-06T14:27:00","date_gmt":"2019-09-06T12:27:00","guid":{"rendered":"https:\/\/ciezaentumano.com\/?p=6966"},"modified":"2019-09-07T14:34:17","modified_gmt":"2019-09-07T12:34:17","slug":"domingo-virgen-buen-suceso-regresa-cieza","status":"publish","type":"post","link":"https:\/\/ciezaentumano.com\/en\/domingo-virgen-buen-suceso-regresa-cieza\/","title":{"rendered":"This Sunday the 8th, the Virgin of Buen Suceso returns to Cieza"},"content":{"rendered":"<p>This Sunday, September 8, the Virgin of Buen Suceso returns to Cieza for her Solemn Triduum, followed by a pilgrimage to her shrine at the Atalaya pass.<\/p>\n<p>Schedule and programming for this Sunday, September 8th.<\/p>\n<p>The descent from the Atalaya Hermitage begins at 4:30 p.m. Before that, buses will depart for the Atalaya Pass at 3:15 p.m. from the Camino de Madrid, next to the Madre del Divino Pastor School.<\/p>\n<p>They are expected to arrive at the Iron Bridge at approximately 7:15 p.m. After arriving, the parade will begin, accompanied by authorities, the clergy, the Municipal Music Band, the Francisco Salzillo Choir and Dance Group, and the general public.<\/p>\n<p>Planned route: Cuesta del R\u00edo, Don Narciso Street, Cadenas Street, Mesones Street, San Sebasti\u00e1n Street, Buitragos Street, C\u00e1novas del Castillo Street, San Pedro Street and Plaza Mayor.<\/p>\n<p>Upon arrival at 9:00 p.m. at the Basilica of Our Lady of the Assumption, a Mass will be celebrated by the Rev. Jos\u00e9 Antonio Garc\u00eda L\u00f3pez, parish priest of Our Lady of the Assumption.<\/p>\n<p>&nbsp;<\/p>\n<p><iframe loading=\"lazy\" title=\"Descent of the Virgin of Good Success \/ Cieza, 8-09-2017\" width=\"1080\" height=\"608\" src=\"https:\/\/www.youtube.com\/embed\/rAqVpNQFobI?start=472&#038;feature=oembed\" frameborder=\"0\" allow=\"accelerometer; autoplay; encrypted-media; gyroscope; picture-in-picture\" allowfullscreen><\/iframe><\/p>","protected":false},"excerpt":{"rendered":"<p>Este domingo 8 de septiembre la Virgen del Buen Suceso regresa a Cieza para la realizaci\u00f3n de su Solemne Triduo, y la posterior subida de nuevo a su Ermita en romer\u00eda al collado de la Atalaya. Horario y programaci\u00f3n para este domingo 8 de Septiembre. A las 16:30 h. inicio de la bajada desde su [&hellip;]<\/p>","protected":false},"author":1,"featured_media":2015,"comment_status":"open","ping_status":"closed","sticky":false,"template":"","format":"standard","meta":{"_et_pb_use_builder":"","_et_pb_old_content":"","_et_gb_content_width":"","footnotes":""},"categories":[2],"tags":[],"amp_enabled":true,"_links":{"self":[{"href":"https:\/\/ciezaentumano.com\/en\/wp-json\/wp\/v2\/posts\/6966"}],"collection":[{"href":"https:\/\/ciezaentumano.com\/en\/wp-json\/wp\/v2\/posts"}],"about":[{"href":"https:\/\/ciezaentumano.com\/en\/wp-json\/wp\/v2\/types\/post"}],"author":[{"embeddable":true,"href":"https:\/\/ciezaentumano.com\/en\/wp-json\/wp\/v2\/users\/1"}],"replies":[{"embeddable":true,"href":"https:\/\/ciezaentumano.com\/en\/wp-json\/wp\/v2\/comments?post=6966"}],"version-history":[{"count":1,"href":"https:\/\/ciezaentumano.com\/en\/wp-json\/wp\/v2\/posts\/6966\/revisions"}],"predecessor-version":[{"id":6967,"href":"https:\/\/ciezaentumano.com\/en\/wp-json\/wp\/v2\/posts\/6966\/revisions\/6967"}],"wp:featuredmedia":[{"embeddable":true,"href":"https:\/\/ciezaentumano.com\/en\/wp-json\/wp\/v2\/media\/2015"}],"wp:attachment":[{"href":"https:\/\/ciezaentumano.com\/en\/wp-json\/wp\/v2\/media?parent=6966"}],"wp:term":[{"taxonomy":"category","embeddable":true,"href":"https:\/\/ciezaentumano.com\/en\/wp-json\/wp\/v2\/categories?post=6966"},{"taxonomy":"post_tag","embeddable":true,"href":"https:\/\/ciezaentumano.com\/en\/wp-json\/wp\/v2\/tags?post=6966"}],"curies":[{"name":"wp","href":"https:\/\/api.w.org\/{rel}","templated":true}]}}