{"id":6984,"date":"2019-09-17T13:45:54","date_gmt":"2019-09-17T11:45:54","guid":{"rendered":"https:\/\/ciezaentumano.com\/?p=6984"},"modified":"2019-11-01T17:37:04","modified_gmt":"2019-11-01T16:37:04","slug":"aplazada-la-iv-carrera-popular-y-el-i-trail-puentes-de-cieza","status":"publish","type":"post","link":"https:\/\/ciezaentumano.com\/en\/aplazada-la-iv-carrera-popular-y-el-i-trail-puentes-de-cieza\/","title":{"rendered":"The 4th Popular Race and the 1st &quot;Puentes de Cieza&quot; Trail have been postponed."},"content":{"rendered":"<p>The OJE of Cieza informs in a press release that the IV Popular Race and the I Trail &quot;Puentes de Cieza&quot; is postponed from its original date (September 28) to a new date, which will be the <strong>SATURDAY, NOVEMBER 2, 2019.<\/strong><\/p>\n<p>You&#039;ll soon be able to access the new, modified regulations, along with all the event information.<\/p>\n<p>We attach an official press release.<\/p>\n<p>&nbsp;<\/p>\n<p><img loading=\"lazy\" decoding=\"async\" class=\"aligncenter size-full wp-image-6985\" src=\"https:\/\/ciezaentumano.com\/wp-content\/uploads\/2019\/09\/nota-de-prensa-oje-cieza..jpg\" alt=\"\" width=\"679\" height=\"960\" srcset=\"https:\/\/ciezaentumano.com\/wp-content\/uploads\/2019\/09\/nota-de-prensa-oje-cieza..jpg 679w, https:\/\/ciezaentumano.com\/wp-content\/uploads\/2019\/09\/nota-de-prensa-oje-cieza.-212x300.jpg 212w\" sizes=\"(max-width: 679px) 100vw, 679px\" \/><\/p>","protected":false},"excerpt":{"rendered":"<p>La OJE de Cieza informa en una nota de prensa que la IV Carrera Popular y el I Trail \u00abPuentes de Cieza\u00bb queda aplazada de su fecha original (28 de septiembre) a una nueva fecha, la cu\u00e1l ser\u00e1 el S\u00c1BADO 2 DE NOVIEMBRE DE 2019. En breve podr\u00e9is contar con el nuevo reglamento modificado, junto [&hellip;]<\/p>","protected":false},"author":1,"featured_media":6986,"comment_status":"open","ping_status":"closed","sticky":false,"template":"","format":"standard","meta":{"_et_pb_use_builder":"","_et_pb_old_content":"","_et_gb_content_width":"","footnotes":""},"categories":[3],"tags":[],"amp_enabled":true,"_links":{"self":[{"href":"https:\/\/ciezaentumano.com\/en\/wp-json\/wp\/v2\/posts\/6984"}],"collection":[{"href":"https:\/\/ciezaentumano.com\/en\/wp-json\/wp\/v2\/posts"}],"about":[{"href":"https:\/\/ciezaentumano.com\/en\/wp-json\/wp\/v2\/types\/post"}],"author":[{"embeddable":true,"href":"https:\/\/ciezaentumano.com\/en\/wp-json\/wp\/v2\/users\/1"}],"replies":[{"embeddable":true,"href":"https:\/\/ciezaentumano.com\/en\/wp-json\/wp\/v2\/comments?post=6984"}],"version-history":[{"count":1,"href":"https:\/\/ciezaentumano.com\/en\/wp-json\/wp\/v2\/posts\/6984\/revisions"}],"predecessor-version":[{"id":6987,"href":"https:\/\/ciezaentumano.com\/en\/wp-json\/wp\/v2\/posts\/6984\/revisions\/6987"}],"wp:featuredmedia":[{"embeddable":true,"href":"https:\/\/ciezaentumano.com\/en\/wp-json\/wp\/v2\/media\/6986"}],"wp:attachment":[{"href":"https:\/\/ciezaentumano.com\/en\/wp-json\/wp\/v2\/media?parent=6984"}],"wp:term":[{"taxonomy":"category","embeddable":true,"href":"https:\/\/ciezaentumano.com\/en\/wp-json\/wp\/v2\/categories?post=6984"},{"taxonomy":"post_tag","embeddable":true,"href":"https:\/\/ciezaentumano.com\/en\/wp-json\/wp\/v2\/tags?post=6984"}],"curies":[{"name":"wp","href":"https:\/\/api.w.org\/{rel}","templated":true}]}}