{"id":7002,"date":"2019-10-04T02:45:43","date_gmt":"2019-10-04T00:45:43","guid":{"rendered":"https:\/\/ciezaentumano.com\/?p=7002"},"modified":"2019-10-04T02:48:13","modified_gmt":"2019-10-04T00:48:13","slug":"pensiones-y-mujer-a-debate-el-proximo-jueves-10-de-octubre-en-la-biblioteca-padre-salmeron","status":"publish","type":"post","link":"https:\/\/ciezaentumano.com\/en\/pensiones-y-mujer-a-debate-el-proximo-jueves-10-de-octubre-en-la-biblioteca-padre-salmeron\/","title":{"rendered":"\u201cPensions and Women\u201d under debate: next Thursday, October 10, at the \u201cPadre Salmer\u00f3n\u201d Library"},"content":{"rendered":"<p><strong>The event is organized by the C\u00edrculo de Mayores (Center for Seniors), part of the Coordinating Committee of Pensioners of the Region of Murcia.<\/strong><\/p>\n<p>The Podemos Seniors&#039; Circle, a member of the Murcia Region Pensioners&#039; Coordinator, has organized a talk-discussion in Cieza for next Thursday, October 10th, at 7:30 p.m., at the &quot;Padre Salmer\u00f3n&quot; Municipal Public Library, located on the corner of the Convent. This event is part of the outreach and public debate campaign that the Pensioners&#039; Coordinator has been carrying out in the weeks leading up to the large demonstration planned for Madrid on October 16th, which is expected to attract massive popular outcry in defense of the public pension system and against its privatization and degradation.<\/p>\n<p>The debate, which will be hosted by Jos\u00e9 Eduardo Illueca from Cieza, will be themed &quot;Pensions and Women: Present and Future.&quot; Mar\u00eda Mar\u00edn, Secretary of Social Rights and Civil Society for Podemos in the Murcia Region, along with retired lawyer Pedro Mart\u00ednez D\u00edaz and pensioner Miguel Campillo, will also speak.<\/p>\n<p>Jos\u00e9 Eduardo Illueca tells us that &quot;first and foremost, we must thank the Pensioners&#039; Coordinator for their commendable efforts in bringing the public debate on pensions to every corner of the Region of Murcia, and also Mar\u00eda, Miguel, and Pedro for their generosity and willingness to join us in Cieza on the 10th.&quot; According to Illueca, &quot;the pensions debate will be the major issue of the coming years, and it is no exaggeration to say that the class struggle in the near future will be waged, eminently, on the subject of public pensions.&quot;<\/p>\n<p>Pensions cannot be a business; they are a fundamental right enshrined in Article 50 of our Constitution, which guarantees their adequacy and periodic updating. &quot;Therefore, they cannot be questioned, just as domestic water supply, healthcare, education, or public safety cannot be, although, naturally, they will have to be financed.&quot; This is an idea that, in Illueca&#039;s opinion, &quot;certain economic powers are trying to turn around, propagating the mantra of the system&#039;s unsustainability. But they do so out of pure economic interest, as they have long since targeted private pensions as an opportunity to make huge profits, disregarding the full value of public pensions as an instrument of intergenerational solidarity and social cohesion.&quot;<\/p>\n<p>In the context of pensions, as in many other areas, women are the most disadvantaged, with a very large income gap compared to men, as many of them never contributed or contributed much less than what they worked, &quot;so that when they reach old age, they have no income other than non-contributory welfare pensions or meager widow&#039;s pensions.&quot; Therefore, it is entirely justified to pay special attention to the specific problems of pensions and women, as is the objective of this talk.<\/p>\n<p>Finally, Illueca reminds us that the pensions of our seniors, our own pensions of tomorrow, are, above all, &quot;a matter of human dignity, which is lost when people lack economic sufficiency; a society that doesn&#039;t recognize its seniors, that leaves them unprotected, that abandons them to their fate, is not a decent society, it&#039;s not a society I want to live in.&quot; He invites us all &quot;to attend the event on the 10th at the Library, of course, but also the demonstration on the 16th in Madrid, which we must all turn into a resounding cry of solidarity in defense of public pensions; in defense of solidarity.&quot;<\/p>\n<p>&nbsp;<\/p>\n<p><img loading=\"lazy\" decoding=\"async\" class=\"aligncenter size-large wp-image-7003\" src=\"https:\/\/ciezaentumano.com\/wp-content\/uploads\/2019\/10\/Cartel-de-la-charla-coloquio-mayores-y-mujer-en-Cieza.-1024x1024.jpg\" alt=\"\" width=\"1024\" height=\"1024\" srcset=\"https:\/\/ciezaentumano.com\/wp-content\/uploads\/2019\/10\/Cartel-de-la-charla-coloquio-mayores-y-mujer-en-Cieza.-1024x1024.jpg 1024w, https:\/\/ciezaentumano.com\/wp-content\/uploads\/2019\/10\/Cartel-de-la-charla-coloquio-mayores-y-mujer-en-Cieza.-150x150.jpg 150w, https:\/\/ciezaentumano.com\/wp-content\/uploads\/2019\/10\/Cartel-de-la-charla-coloquio-mayores-y-mujer-en-Cieza.-300x300.jpg 300w, https:\/\/ciezaentumano.com\/wp-content\/uploads\/2019\/10\/Cartel-de-la-charla-coloquio-mayores-y-mujer-en-Cieza.-768x768.jpg 768w, https:\/\/ciezaentumano.com\/wp-content\/uploads\/2019\/10\/Cartel-de-la-charla-coloquio-mayores-y-mujer-en-Cieza..jpg 1080w, https:\/\/ciezaentumano.com\/wp-content\/uploads\/2019\/10\/Cartel-de-la-charla-coloquio-mayores-y-mujer-en-Cieza.-45x45.jpg 45w\" sizes=\"(max-width: 1024px) 100vw, 1024px\" \/><\/p>","protected":false},"excerpt":{"rendered":"<p>El acto est\u00e1 organizado por el C\u00edrculo de Mayores, integrado en la Coordinadora de Pensionistas de la Regi\u00f3n de Murcia. El C\u00edrculo de Mayores de Podemos, miembro de la Coordinadora de Pensionistas de la Regi\u00f3n de Murcia, ha organizado una charla-coloquio en Cieza para el pr\u00f3ximo jueves 10 de octubre, a las siete y media [&hellip;]<\/p>","protected":false},"author":1,"featured_media":7003,"comment_status":"open","ping_status":"closed","sticky":false,"template":"","format":"standard","meta":{"_et_pb_use_builder":"","_et_pb_old_content":"","_et_gb_content_width":"","footnotes":""},"categories":[2],"tags":[],"amp_enabled":true,"_links":{"self":[{"href":"https:\/\/ciezaentumano.com\/en\/wp-json\/wp\/v2\/posts\/7002"}],"collection":[{"href":"https:\/\/ciezaentumano.com\/en\/wp-json\/wp\/v2\/posts"}],"about":[{"href":"https:\/\/ciezaentumano.com\/en\/wp-json\/wp\/v2\/types\/post"}],"author":[{"embeddable":true,"href":"https:\/\/ciezaentumano.com\/en\/wp-json\/wp\/v2\/users\/1"}],"replies":[{"embeddable":true,"href":"https:\/\/ciezaentumano.com\/en\/wp-json\/wp\/v2\/comments?post=7002"}],"version-history":[{"count":2,"href":"https:\/\/ciezaentumano.com\/en\/wp-json\/wp\/v2\/posts\/7002\/revisions"}],"predecessor-version":[{"id":7006,"href":"https:\/\/ciezaentumano.com\/en\/wp-json\/wp\/v2\/posts\/7002\/revisions\/7006"}],"wp:featuredmedia":[{"embeddable":true,"href":"https:\/\/ciezaentumano.com\/en\/wp-json\/wp\/v2\/media\/7003"}],"wp:attachment":[{"href":"https:\/\/ciezaentumano.com\/en\/wp-json\/wp\/v2\/media?parent=7002"}],"wp:term":[{"taxonomy":"category","embeddable":true,"href":"https:\/\/ciezaentumano.com\/en\/wp-json\/wp\/v2\/categories?post=7002"},{"taxonomy":"post_tag","embeddable":true,"href":"https:\/\/ciezaentumano.com\/en\/wp-json\/wp\/v2\/tags?post=7002"}],"curies":[{"name":"wp","href":"https:\/\/api.w.org\/{rel}","templated":true}]}}