{"id":7036,"date":"2019-10-14T14:46:37","date_gmt":"2019-10-14T12:46:37","guid":{"rendered":"https:\/\/ciezaentumano.com\/?p=7036"},"modified":"2019-10-16T14:52:40","modified_gmt":"2019-10-16T12:52:40","slug":"miercoles-presentan-actos-actividades-conmemorativos-medio-ano-festero-2019","status":"publish","type":"post","link":"https:\/\/ciezaentumano.com\/en\/miercoles-presentan-actos-actividades-conmemorativos-medio-ano-festero-2019\/","title":{"rendered":"This Wednesday, the commemorative events and activities for the 2019 Mid-Year Festive are presented."},"content":{"rendered":"<p>Time flies, and another year has passed since the 2018 Mid-Year Festive Festival was celebrated. Everything is now ready to present the commemorative events and activities for the 2019 Mid-Year Festive Festival this coming Wednesday, October 16th at 7:00 p.m., in the Hermitage of San Bartolom\u00e9. They will begin next week.<\/p>","protected":false},"excerpt":{"rendered":"<p>El tiempo vuela y otro a\u00f1o m\u00e1s ha pasado desde que se celebrar\u00e1 el Medio A\u00f1o Festero 2018, de ah\u00ed que ya est\u00e9 todo preparado para presentar este pr\u00f3ximo mi\u00e9rcoles 16 de octubre a las 19:00h., en la ermita de San Bartolom\u00e9, los actos y actividades conmemorativos por el Medio A\u00f1o Festero 2019 que arrancaran [&hellip;]<\/p>","protected":false},"author":1,"featured_media":6642,"comment_status":"open","ping_status":"closed","sticky":false,"template":"","format":"standard","meta":{"_et_pb_use_builder":"","_et_pb_old_content":"","_et_gb_content_width":"","footnotes":""},"categories":[2],"tags":[],"amp_enabled":true,"_links":{"self":[{"href":"https:\/\/ciezaentumano.com\/en\/wp-json\/wp\/v2\/posts\/7036"}],"collection":[{"href":"https:\/\/ciezaentumano.com\/en\/wp-json\/wp\/v2\/posts"}],"about":[{"href":"https:\/\/ciezaentumano.com\/en\/wp-json\/wp\/v2\/types\/post"}],"author":[{"embeddable":true,"href":"https:\/\/ciezaentumano.com\/en\/wp-json\/wp\/v2\/users\/1"}],"replies":[{"embeddable":true,"href":"https:\/\/ciezaentumano.com\/en\/wp-json\/wp\/v2\/comments?post=7036"}],"version-history":[{"count":1,"href":"https:\/\/ciezaentumano.com\/en\/wp-json\/wp\/v2\/posts\/7036\/revisions"}],"predecessor-version":[{"id":7037,"href":"https:\/\/ciezaentumano.com\/en\/wp-json\/wp\/v2\/posts\/7036\/revisions\/7037"}],"wp:featuredmedia":[{"embeddable":true,"href":"https:\/\/ciezaentumano.com\/en\/wp-json\/wp\/v2\/media\/6642"}],"wp:attachment":[{"href":"https:\/\/ciezaentumano.com\/en\/wp-json\/wp\/v2\/media?parent=7036"}],"wp:term":[{"taxonomy":"category","embeddable":true,"href":"https:\/\/ciezaentumano.com\/en\/wp-json\/wp\/v2\/categories?post=7036"},{"taxonomy":"post_tag","embeddable":true,"href":"https:\/\/ciezaentumano.com\/en\/wp-json\/wp\/v2\/tags?post=7036"}],"curies":[{"name":"wp","href":"https:\/\/api.w.org\/{rel}","templated":true}]}}