{"id":7067,"date":"2019-10-23T14:35:11","date_gmt":"2019-10-23T12:35:11","guid":{"rendered":"https:\/\/ciezaentumano.com\/?p=7067"},"modified":"2019-10-25T14:49:30","modified_gmt":"2019-10-25T12:49:30","slug":"mercadillo-medieval-talleres-conciertos-programacion-medio-ano-festero-cieza-2019","status":"publish","type":"post","link":"https:\/\/ciezaentumano.com\/en\/mercadillo-medieval-talleres-conciertos-programacion-medio-ano-festero-cieza-2019\/","title":{"rendered":"Medieval Market, Parades, and Workshops are part of the Cieza 2019 Mid-Year Festive Program."},"content":{"rendered":"<p>This past week, the program and the new ambassadors of the Moorish and Christian faction were presented, thus marking the start of the events planned for the 2018 Half Year of the &quot;La Invasi\u00f3n&quot; Shield Festival in Cieza.<\/p>\n<p>Following the day of socializing and the 5th Ciezan Gastronomic Days of Typical Food this past Sunday, the Mid-Year Festive activities continue. Here&#039;s the schedule for the rest of the activities organized for this weekend in Cieza.<\/p>\n<p><strong>Friday 25th:<\/strong><\/p>\n<p>6:00 p.m., Plaza de Espa\u00f1a, opening of the medieval market.<\/p>\n<p><strong>Saturday 26th:<\/strong><\/p>\n<p>11:00 a.m., Plaza de Espa\u00f1a, 3rd Popular Days with Moorish Tea tasting, Children&#039;s Medieval Clothing Workshop, Medieval Painting Workshop, and much more...<\/p>\n<p>At 5:15 p.m., Plaza de Espa\u00f1a, a gathering of Kabyles and troops begins. The parade will then begin at 5:30 p.m., leading to the Capitol Theatre in Cieza.<\/p>\n<p>7:00 p.m., Capitol Theater in Cieza, ceremony to appoint festival officials, where the name of the town crier will be revealed and the poster for the 2019 &quot;La Invasi\u00f3n&quot; Shield Festival will be unveiled. Free admission to the event.<\/p>\n<p>9:00 p.m., La Paloma Celebration Hall, Appointment ceremony for Corporals, Captains, and Standard-bearers for the upcoming 2020 Coat of Arms Festival, followed by a fellowship dinner.<\/p>\n<p><strong>Sunday 27th:<\/strong><\/p>\n<p>6:00 p.m., Chapel of San Bartolom\u00e9, celebration of the traditional mid-year mass in honor of San Bartolom\u00e9, officiated by the priest Jos\u00e9 Antonio Garc\u00eda.<\/p>\n<p>&nbsp;<\/p>\n<p><img loading=\"lazy\" decoding=\"async\" class=\"aligncenter size-full wp-image-7068\" src=\"https:\/\/ciezaentumano.com\/wp-content\/uploads\/2019\/10\/programacion-medio-a\u00f1o-festero-Cieza-2019..jpg\" alt=\"\" width=\"678\" height=\"960\" srcset=\"https:\/\/ciezaentumano.com\/wp-content\/uploads\/2019\/10\/programacion-medio-a\u00f1o-festero-Cieza-2019..jpg 678w, https:\/\/ciezaentumano.com\/wp-content\/uploads\/2019\/10\/programacion-medio-a\u00f1o-festero-Cieza-2019.-212x300.jpg 212w\" sizes=\"(max-width: 678px) 100vw, 678px\" \/><\/p>","protected":false},"excerpt":{"rendered":"<p>Esta pasada semana era presentada la programaci\u00f3n y los nuevos embajadores del bando moro y cristiano, dando as\u00ed salida a los actos que se han preparado para este Medio A\u00f1o Festero de 2018 de las Fiestas del Escudo \u201cLa Invasi\u00f3n\u201d de Cieza. Tras la jornada de convivencia, y la V Jornadas Gastron\u00f3micas de Comidas T\u00edpicas [&hellip;]<\/p>","protected":false},"author":1,"featured_media":7068,"comment_status":"open","ping_status":"closed","sticky":false,"template":"","format":"standard","meta":{"_et_pb_use_builder":"","_et_pb_old_content":"","_et_gb_content_width":"","footnotes":""},"categories":[2],"tags":[],"amp_enabled":true,"_links":{"self":[{"href":"https:\/\/ciezaentumano.com\/en\/wp-json\/wp\/v2\/posts\/7067"}],"collection":[{"href":"https:\/\/ciezaentumano.com\/en\/wp-json\/wp\/v2\/posts"}],"about":[{"href":"https:\/\/ciezaentumano.com\/en\/wp-json\/wp\/v2\/types\/post"}],"author":[{"embeddable":true,"href":"https:\/\/ciezaentumano.com\/en\/wp-json\/wp\/v2\/users\/1"}],"replies":[{"embeddable":true,"href":"https:\/\/ciezaentumano.com\/en\/wp-json\/wp\/v2\/comments?post=7067"}],"version-history":[{"count":1,"href":"https:\/\/ciezaentumano.com\/en\/wp-json\/wp\/v2\/posts\/7067\/revisions"}],"predecessor-version":[{"id":7069,"href":"https:\/\/ciezaentumano.com\/en\/wp-json\/wp\/v2\/posts\/7067\/revisions\/7069"}],"wp:featuredmedia":[{"embeddable":true,"href":"https:\/\/ciezaentumano.com\/en\/wp-json\/wp\/v2\/media\/7068"}],"wp:attachment":[{"href":"https:\/\/ciezaentumano.com\/en\/wp-json\/wp\/v2\/media?parent=7067"}],"wp:term":[{"taxonomy":"category","embeddable":true,"href":"https:\/\/ciezaentumano.com\/en\/wp-json\/wp\/v2\/categories?post=7067"},{"taxonomy":"post_tag","embeddable":true,"href":"https:\/\/ciezaentumano.com\/en\/wp-json\/wp\/v2\/tags?post=7067"}],"curies":[{"name":"wp","href":"https:\/\/api.w.org\/{rel}","templated":true}]}}