{"id":7107,"date":"2019-11-06T16:11:38","date_gmt":"2019-11-06T15:11:38","guid":{"rendered":"https:\/\/ciezaentumano.com\/?p=7107"},"modified":"2019-11-08T16:15:09","modified_gmt":"2019-11-08T15:15:09","slug":"la-plaza-de-espana-acogera-este-sabado-el-poblado-de-la-igualdad","status":"publish","type":"post","link":"https:\/\/ciezaentumano.com\/en\/la-plaza-de-espana-acogera-este-sabado-el-poblado-de-la-igualdad\/","title":{"rendered":"Plaza de Espa\u00f1a will host &#039;The Village of Equality&#039; this Saturday."},"content":{"rendered":"<p align=\"justify\">This Saturday, Plaza de Espa\u00f1a will host &quot;The Village of Equality,&quot; a project that recreates a place where there is no inequality between boys and girls and where they live together on equal terms. This initiative is promoted by the Department of Women and Equality as part of its work to raise awareness about equal opportunities between women and men, in conjunction with the November 25th program.<\/p>\n<p align=\"justify\">In it, instructors will use play and fun to address educational values for promoting equality in the home and professional spheres, encouraging family life, gender-neutral toys, and role-playing in storytelling.<\/p>\n<p align=\"justify\">The free activities, aimed at children between 4 and 12 years old, will take place between 11:00 a.m. and 2:00 p.m. and 5:00 p.m. and 8:00 p.m.<\/p>\n<p align=\"justify\">In addition, activities will be held entitled &quot;The Little House of Equality,&quot; &quot;Stories for Equality,&quot; &quot;Playing at Professions,&quot; &quot;The School of Equality,&quot; and &quot;We Learn to Be Equal Through Play.&quot;<\/p>\n<p align=\"justify\">\n<p align=\"justify\"><img loading=\"lazy\" decoding=\"async\" class=\"aligncenter size-full wp-image-7108\" src=\"https:\/\/ciezaentumano.com\/wp-content\/uploads\/2019\/11\/cartel-poblado-igualdad-plaza-de-espa\u00f1a-cieza.jpg\" alt=\"\" width=\"676\" height=\"960\" srcset=\"https:\/\/ciezaentumano.com\/wp-content\/uploads\/2019\/11\/cartel-poblado-igualdad-plaza-de-espa\u00f1a-cieza.jpg 676w, https:\/\/ciezaentumano.com\/wp-content\/uploads\/2019\/11\/cartel-poblado-igualdad-plaza-de-espa\u00f1a-cieza-211x300.jpg 211w\" sizes=\"(max-width: 676px) 100vw, 676px\" \/><\/p>","protected":false},"excerpt":{"rendered":"<p>La Plaza de Espa\u00f1a acoger\u00e1 este s\u00e1bado &#8216;El poblado de la igualdad&#8217;, un proyecto que recrea un lugar donde no existe desigualdad entre ni\u00f1os y ni\u00f1as y conviven en igualdad de condiciones. Se trata de una iniciativa impulsada por la Concejal\u00eda de Mujer e Igualdad dentro de su labor de sensibilizaci\u00f3n y concienciaci\u00f3n en la [&hellip;]<\/p>","protected":false},"author":1,"featured_media":7108,"comment_status":"open","ping_status":"closed","sticky":false,"template":"","format":"standard","meta":{"_et_pb_use_builder":"","_et_pb_old_content":"","_et_gb_content_width":"","footnotes":""},"categories":[2],"tags":[],"amp_enabled":true,"_links":{"self":[{"href":"https:\/\/ciezaentumano.com\/en\/wp-json\/wp\/v2\/posts\/7107"}],"collection":[{"href":"https:\/\/ciezaentumano.com\/en\/wp-json\/wp\/v2\/posts"}],"about":[{"href":"https:\/\/ciezaentumano.com\/en\/wp-json\/wp\/v2\/types\/post"}],"author":[{"embeddable":true,"href":"https:\/\/ciezaentumano.com\/en\/wp-json\/wp\/v2\/users\/1"}],"replies":[{"embeddable":true,"href":"https:\/\/ciezaentumano.com\/en\/wp-json\/wp\/v2\/comments?post=7107"}],"version-history":[{"count":2,"href":"https:\/\/ciezaentumano.com\/en\/wp-json\/wp\/v2\/posts\/7107\/revisions"}],"predecessor-version":[{"id":7110,"href":"https:\/\/ciezaentumano.com\/en\/wp-json\/wp\/v2\/posts\/7107\/revisions\/7110"}],"wp:featuredmedia":[{"embeddable":true,"href":"https:\/\/ciezaentumano.com\/en\/wp-json\/wp\/v2\/media\/7108"}],"wp:attachment":[{"href":"https:\/\/ciezaentumano.com\/en\/wp-json\/wp\/v2\/media?parent=7107"}],"wp:term":[{"taxonomy":"category","embeddable":true,"href":"https:\/\/ciezaentumano.com\/en\/wp-json\/wp\/v2\/categories?post=7107"},{"taxonomy":"post_tag","embeddable":true,"href":"https:\/\/ciezaentumano.com\/en\/wp-json\/wp\/v2\/tags?post=7107"}],"curies":[{"name":"wp","href":"https:\/\/api.w.org\/{rel}","templated":true}]}}