{"id":7132,"date":"2019-11-14T14:19:14","date_gmt":"2019-11-14T13:19:14","guid":{"rendered":"https:\/\/ciezaentumano.com\/?p=7132"},"modified":"2019-11-21T16:09:28","modified_gmt":"2019-11-21T15:09:28","slug":"3-feria-de-asociaciones-cieza-2019-organizada-por-la-concejalia-de-participacion-ciudadana-del-ayuntamiento-de-cieza","status":"publish","type":"post","link":"https:\/\/ciezaentumano.com\/en\/3-feria-de-asociaciones-cieza-2019-organizada-por-la-concejalia-de-participacion-ciudadana-del-ayuntamiento-de-cieza\/","title":{"rendered":"3rd Cieza Association Fair 2019, organized by the Department of Citizen Participation of the Cieza City Council"},"content":{"rendered":"<p>This Sunday, November 17th, we have another meeting with Cieza associations at the Paseo at the 3rd Association Fair, starting at 11:00 a.m.<\/p>\n<p>Once again this year, the association fair will serve to showcase the large network of associations in Cieza. Each association will have a space to present their goals and objectives. They will also seek to recruit new members or people to join their fight, while also answering questions from people who are unfamiliar with these associations. This will also give you an insight into the work they do and the activities they carry out throughout the year. Many of them will also host workshops, presentations, talks, and even live performances, both musical and theatrical.<\/p>\n<p>&nbsp;<\/p>\n<p><iframe loading=\"lazy\" title=\"1st Association Fair, Cieza, November 19, 2017\" width=\"1080\" height=\"608\" src=\"https:\/\/www.youtube.com\/embed\/ROkt3-KYNDQ?feature=oembed\" frameborder=\"0\" allow=\"accelerometer; autoplay; encrypted-media; gyroscope; picture-in-picture\" allowfullscreen><\/iframe><\/p>\n<p>&nbsp;<\/p>\n<p><img loading=\"lazy\" decoding=\"async\" class=\"aligncenter size-full wp-image-7134\" src=\"https:\/\/ciezaentumano.com\/wp-content\/uploads\/2019\/11\/feria-de-asociaciones-de-cieza-en-el-paseo..jpg\" alt=\"\" width=\"678\" height=\"960\" srcset=\"https:\/\/ciezaentumano.com\/wp-content\/uploads\/2019\/11\/feria-de-asociaciones-de-cieza-en-el-paseo..jpg 678w, https:\/\/ciezaentumano.com\/wp-content\/uploads\/2019\/11\/feria-de-asociaciones-de-cieza-en-el-paseo.-212x300.jpg 212w\" sizes=\"(max-width: 678px) 100vw, 678px\" \/> <img loading=\"lazy\" decoding=\"async\" class=\"aligncenter size-full wp-image-7133\" src=\"https:\/\/ciezaentumano.com\/wp-content\/uploads\/2019\/11\/cartel-de-la-feria-de-asociaciones-cieza..jpg\" alt=\"\" width=\"678\" height=\"960\" srcset=\"https:\/\/ciezaentumano.com\/wp-content\/uploads\/2019\/11\/cartel-de-la-feria-de-asociaciones-cieza..jpg 678w, https:\/\/ciezaentumano.com\/wp-content\/uploads\/2019\/11\/cartel-de-la-feria-de-asociaciones-cieza.-212x300.jpg 212w\" sizes=\"(max-width: 678px) 100vw, 678px\" \/><\/p>","protected":false},"excerpt":{"rendered":"<p>Este domingo 17 de noviembre en el Paseo tenemos una nueva cita con las asociaciones de Cieza en la 3\u00aa edici\u00f3n de la Feria de Asociaciones, ser\u00e1 a partir de las 11:00 horas. Un a\u00f1o m\u00e1s la feria de asociaciones servir\u00e1 para dar a conocer el gran tejido asociativo con el que se cuenta en [&hellip;]<\/p>","protected":false},"author":1,"featured_media":7134,"comment_status":"open","ping_status":"closed","sticky":false,"template":"","format":"standard","meta":{"_et_pb_use_builder":"","_et_pb_old_content":"","_et_gb_content_width":"","footnotes":""},"categories":[2],"tags":[],"amp_enabled":true,"_links":{"self":[{"href":"https:\/\/ciezaentumano.com\/en\/wp-json\/wp\/v2\/posts\/7132"}],"collection":[{"href":"https:\/\/ciezaentumano.com\/en\/wp-json\/wp\/v2\/posts"}],"about":[{"href":"https:\/\/ciezaentumano.com\/en\/wp-json\/wp\/v2\/types\/post"}],"author":[{"embeddable":true,"href":"https:\/\/ciezaentumano.com\/en\/wp-json\/wp\/v2\/users\/1"}],"replies":[{"embeddable":true,"href":"https:\/\/ciezaentumano.com\/en\/wp-json\/wp\/v2\/comments?post=7132"}],"version-history":[{"count":3,"href":"https:\/\/ciezaentumano.com\/en\/wp-json\/wp\/v2\/posts\/7132\/revisions"}],"predecessor-version":[{"id":7140,"href":"https:\/\/ciezaentumano.com\/en\/wp-json\/wp\/v2\/posts\/7132\/revisions\/7140"}],"wp:featuredmedia":[{"embeddable":true,"href":"https:\/\/ciezaentumano.com\/en\/wp-json\/wp\/v2\/media\/7134"}],"wp:attachment":[{"href":"https:\/\/ciezaentumano.com\/en\/wp-json\/wp\/v2\/media?parent=7132"}],"wp:term":[{"taxonomy":"category","embeddable":true,"href":"https:\/\/ciezaentumano.com\/en\/wp-json\/wp\/v2\/categories?post=7132"},{"taxonomy":"post_tag","embeddable":true,"href":"https:\/\/ciezaentumano.com\/en\/wp-json\/wp\/v2\/tags?post=7132"}],"curies":[{"name":"wp","href":"https:\/\/api.w.org\/{rel}","templated":true}]}}