{"id":7141,"date":"2019-11-14T18:32:40","date_gmt":"2019-11-14T17:32:40","guid":{"rendered":"https:\/\/ciezaentumano.com\/?p=7141"},"modified":"2019-11-15T19:04:34","modified_gmt":"2019-11-15T18:04:34","slug":"ciezanos-tovarich-sabado-patio-nicolas-cieza","status":"publish","type":"post","link":"https:\/\/ciezaentumano.com\/en\/ciezanos-tovarich-sabado-patio-nicolas-cieza\/","title":{"rendered":"The Ciezans Tovarich this Saturday at El Patio de Nicol\u00e1s in Cieza"},"content":{"rendered":"<p>This coming Saturday, the 16th, to celebrate the new winter season of \u201cEl Patio de Nicolas,\u201d a musical entertainment has been organized for the first time, which you will undoubtedly enjoy.<\/p>\n<p style=\"font-weight: 400;\">It will be at 9:30 p.m. with dinner for \u20ac18 and advance reservations by calling 633 164 539.<\/p>\n<p style=\"font-weight: 400;\">TOVARICH is a musical project that emerged from the collaborative work of singer Celia Aroca and musician and producer Jer\u00f3nimo Andr\u00e9s Villa for over a decade.<\/p>\n<p>TOVARICH showcases the compositions that have emerged from J. Andr\u00e9s&#039;s distinctive chords and interpretations, and the highly personal lyrics crafted by Celia Aroca. His melodies range from the purest country style to the simplicity of the blues. His own repertoire includes iconic songs such as his unique versions of The Velvet Underground&#039;s &quot;All Tomorrow&#039;s Parties,&quot; Credence CW.R.&#039;s &quot;Lodi,&quot; and Caetano Veloso&#039;s &quot;Cucurrucuc\u00fa Paloma.&quot;<\/p>\n<p>Celia Aroca, with 25 years of experience as a professional singer, and Jer\u00f3nimo Andr\u00e9s Villa, musician and creator of soundscapes, will offer us an evening on the evening of November 16th at &quot;El Patio Nicol\u00e1s&quot; in Cieza, where the senses and emotions will transport us to our deepest feelings.<\/p>\n<p>&nbsp;<\/p>\n<p><img loading=\"lazy\" decoding=\"async\" class=\"aligncenter size-full wp-image-7142\" src=\"https:\/\/ciezaentumano.com\/wp-content\/uploads\/2019\/11\/cartel-del-concierto-de-Tovarich-en-el-patio-de-nicol\u00e1s-cieza..jpg\" alt=\"\" width=\"950\" height=\"960\" srcset=\"https:\/\/ciezaentumano.com\/wp-content\/uploads\/2019\/11\/cartel-del-concierto-de-Tovarich-en-el-patio-de-nicol\u00e1s-cieza..jpg 950w, https:\/\/ciezaentumano.com\/wp-content\/uploads\/2019\/11\/cartel-del-concierto-de-Tovarich-en-el-patio-de-nicol\u00e1s-cieza.-297x300.jpg 297w, https:\/\/ciezaentumano.com\/wp-content\/uploads\/2019\/11\/cartel-del-concierto-de-Tovarich-en-el-patio-de-nicol\u00e1s-cieza.-768x776.jpg 768w, https:\/\/ciezaentumano.com\/wp-content\/uploads\/2019\/11\/cartel-del-concierto-de-Tovarich-en-el-patio-de-nicol\u00e1s-cieza.-45x45.jpg 45w\" sizes=\"(max-width: 950px) 100vw, 950px\" \/><\/p>","protected":false},"excerpt":{"rendered":"<p>Este pr\u00f3ximo s\u00e1bado, d\u00eda 16, para celebrar la nueva temporada de invierno de \u201cEl Patio de Nicolas\u201d se ha organizado en primicia una amenizacion musical que sin duda os va a gustar mucho. Ser\u00e1 a las 21:30 con cena de 18\u20ac y con reserva anticipada al tel\u00e9fono 633 164 539. TOVARICH, es un proyecto musical [&hellip;]<\/p>","protected":false},"author":1,"featured_media":7142,"comment_status":"open","ping_status":"closed","sticky":false,"template":"","format":"standard","meta":{"_et_pb_use_builder":"","_et_pb_old_content":"","_et_gb_content_width":"","footnotes":""},"categories":[2],"tags":[],"amp_enabled":true,"_links":{"self":[{"href":"https:\/\/ciezaentumano.com\/en\/wp-json\/wp\/v2\/posts\/7141"}],"collection":[{"href":"https:\/\/ciezaentumano.com\/en\/wp-json\/wp\/v2\/posts"}],"about":[{"href":"https:\/\/ciezaentumano.com\/en\/wp-json\/wp\/v2\/types\/post"}],"author":[{"embeddable":true,"href":"https:\/\/ciezaentumano.com\/en\/wp-json\/wp\/v2\/users\/1"}],"replies":[{"embeddable":true,"href":"https:\/\/ciezaentumano.com\/en\/wp-json\/wp\/v2\/comments?post=7141"}],"version-history":[{"count":1,"href":"https:\/\/ciezaentumano.com\/en\/wp-json\/wp\/v2\/posts\/7141\/revisions"}],"predecessor-version":[{"id":7143,"href":"https:\/\/ciezaentumano.com\/en\/wp-json\/wp\/v2\/posts\/7141\/revisions\/7143"}],"wp:featuredmedia":[{"embeddable":true,"href":"https:\/\/ciezaentumano.com\/en\/wp-json\/wp\/v2\/media\/7142"}],"wp:attachment":[{"href":"https:\/\/ciezaentumano.com\/en\/wp-json\/wp\/v2\/media?parent=7141"}],"wp:term":[{"taxonomy":"category","embeddable":true,"href":"https:\/\/ciezaentumano.com\/en\/wp-json\/wp\/v2\/categories?post=7141"},{"taxonomy":"post_tag","embeddable":true,"href":"https:\/\/ciezaentumano.com\/en\/wp-json\/wp\/v2\/tags?post=7141"}],"curies":[{"name":"wp","href":"https:\/\/api.w.org\/{rel}","templated":true}]}}