{"id":7155,"date":"2019-11-20T21:07:03","date_gmt":"2019-11-20T20:07:03","guid":{"rendered":"https:\/\/ciezaentumano.com\/?p=7155"},"modified":"2019-11-26T13:24:58","modified_gmt":"2019-11-26T12:24:58","slug":"actos-cieza-dia-internacional-contra-violencia-genero","status":"publish","type":"post","link":"https:\/\/ciezaentumano.com\/en\/actos-cieza-dia-internacional-contra-violencia-genero\/","title":{"rendered":"Events in Cieza for the International Day Against Gender Violence"},"content":{"rendered":"<div>Next Monday\u00a0<b>November 25th<\/b>, and on the occasion of the celebration in Cieza of the\u00a0<b>International Day against Gender Violence<\/b>Various events will be held, the first of which will be held this Saturday the 23rd at the Capitol Theatre, with a Grand Children&#039;s Martial Arts Gala led by students from the Kiai School in Cieza at 5:30 p.m. The admission\/donation requirement is \u20ac3.<\/div>\n<div><\/div>\n<div>Following this, on Monday the 25th, a march will begin from Diego Jim\u00e9nez Castellanos Avenue to Plaza de Espa\u00f1a at 7 p.m.<\/div>\n<div><\/div>\n<div>Once in the Plaza de Espa\u00f1a, a floral offering will be made at the monument to the victims of gender violence, and a poetry recital by the Literary Group La Sierpe y El La\u00fad will be read at the end of the march through the streets of our municipality from 7:30 p.m. to 8 p.m.<\/div>\n<div><\/div>\n<div>The recital that has been prepared includes a variety of poems whose theme is related to the celebration being held.<\/div>\n<p>He\u00a0<b>PROGRAM<\/b> is as follows:<\/p>\n<div class=\"western\" align=\"justify\"><b>-\u201cSORORITY\u201d by Rosa Campos.<\/b><\/div>\n<div class=\"western\" align=\"justify\"><b>-\u201cWE ARE WOMEN\u201d by Elvira Sastre.<\/b><\/div>\n<div class=\"western\" align=\"justify\"><b>-\u201dWOMAN INHABITED BY WORD\u201d by Guisela L\u00f3pez.<\/b><\/div>\n<div class=\"western\" align=\"justify\"><b>-\u201dTIPS FOR STRONG WOMEN\u201d by Gioconda Belli.<\/b><\/div>\n<div class=\"western\" align=\"justify\"><b>-\u201dVERY LITTLE AND VERY GRAY TIME YOU HAVE LEFT\u201d by Miy\u00f3 Vestrini.<\/b><\/div>\n<div class=\"western\" align=\"justify\"><b>-\u201cWE WANTED TO BE AND WE BECAME A SCREAM\u201d by Marta Antipatriarcal.<\/b><\/div>\n<div class=\"western\" align=\"justify\"><b>-\u201dHYMN TO CLARITY\u201d by Raquel Lanseros.<\/b><\/div>\n<div class=\"western\" align=\"justify\"><b>-\u201dBITTER SONG\u201d by Luis G. Montero.<\/b><\/div>\n<div class=\"western\" align=\"justify\"><b>-\u201dEVERYDAY VIOLENCE\u201d by Itziar Pacual.<\/b><\/div>\n<div class=\"western\" align=\"justify\"><b>-\u201dIN SPITE OF IT ALL I RISE\u201d by Maya Angelou.<\/b><\/div>\n<div align=\"justify\"><\/div>\n<div align=\"justify\"><\/div>\n<div align=\"justify\"><img loading=\"lazy\" decoding=\"async\" class=\"aligncenter size-large wp-image-7156\" src=\"https:\/\/ciezaentumano.com\/wp-content\/uploads\/2019\/11\/actos-violencia-de-genero-en-cieza-785x1024.jpg\" alt=\"\" width=\"785\" height=\"1024\" srcset=\"https:\/\/ciezaentumano.com\/wp-content\/uploads\/2019\/11\/actos-violencia-de-genero-en-cieza-785x1024.jpg 785w, https:\/\/ciezaentumano.com\/wp-content\/uploads\/2019\/11\/actos-violencia-de-genero-en-cieza-230x300.jpg 230w, https:\/\/ciezaentumano.com\/wp-content\/uploads\/2019\/11\/actos-violencia-de-genero-en-cieza-768x1001.jpg 768w, https:\/\/ciezaentumano.com\/wp-content\/uploads\/2019\/11\/actos-violencia-de-genero-en-cieza.jpg 1080w\" sizes=\"(max-width: 785px) 100vw, 785px\" \/><\/div>","protected":false},"excerpt":{"rendered":"<p>El pr\u00f3ximo lunes d\u00eda\u00a025 de noviembre, y con motivo de la celebraci\u00f3n en Cieza del\u00a0D\u00eda Internacional contra la Violencia de G\u00e9nero, se van a realizar diferentes actos, siendo el primero de ellos este s\u00e1bado 23 en el Teatro Capitol con una Gran Gala de Artes Marciales Infantiles a cargo de los alumnos de la Escuela [&hellip;]<\/p>","protected":false},"author":1,"featured_media":7156,"comment_status":"open","ping_status":"closed","sticky":false,"template":"","format":"standard","meta":{"_et_pb_use_builder":"","_et_pb_old_content":"","_et_gb_content_width":"","footnotes":""},"categories":[2],"tags":[],"amp_enabled":true,"_links":{"self":[{"href":"https:\/\/ciezaentumano.com\/en\/wp-json\/wp\/v2\/posts\/7155"}],"collection":[{"href":"https:\/\/ciezaentumano.com\/en\/wp-json\/wp\/v2\/posts"}],"about":[{"href":"https:\/\/ciezaentumano.com\/en\/wp-json\/wp\/v2\/types\/post"}],"author":[{"embeddable":true,"href":"https:\/\/ciezaentumano.com\/en\/wp-json\/wp\/v2\/users\/1"}],"replies":[{"embeddable":true,"href":"https:\/\/ciezaentumano.com\/en\/wp-json\/wp\/v2\/comments?post=7155"}],"version-history":[{"count":1,"href":"https:\/\/ciezaentumano.com\/en\/wp-json\/wp\/v2\/posts\/7155\/revisions"}],"predecessor-version":[{"id":7157,"href":"https:\/\/ciezaentumano.com\/en\/wp-json\/wp\/v2\/posts\/7155\/revisions\/7157"}],"wp:featuredmedia":[{"embeddable":true,"href":"https:\/\/ciezaentumano.com\/en\/wp-json\/wp\/v2\/media\/7156"}],"wp:attachment":[{"href":"https:\/\/ciezaentumano.com\/en\/wp-json\/wp\/v2\/media?parent=7155"}],"wp:term":[{"taxonomy":"category","embeddable":true,"href":"https:\/\/ciezaentumano.com\/en\/wp-json\/wp\/v2\/categories?post=7155"},{"taxonomy":"post_tag","embeddable":true,"href":"https:\/\/ciezaentumano.com\/en\/wp-json\/wp\/v2\/tags?post=7155"}],"curies":[{"name":"wp","href":"https:\/\/api.w.org\/{rel}","templated":true}]}}