{"id":7162,"date":"2019-11-20T15:29:56","date_gmt":"2019-11-20T14:29:56","guid":{"rendered":"https:\/\/ciezaentumano.com\/?p=7162"},"modified":"2019-11-21T15:37:23","modified_gmt":"2019-11-21T14:37:23","slug":"conferencia-mar-menor-presente-pasado-futuro-jueves-cieza","status":"publish","type":"post","link":"https:\/\/ciezaentumano.com\/en\/conferencia-mar-menor-presente-pasado-futuro-jueves-cieza\/","title":{"rendered":"Conference &#039;Mar Menor, Present, Past, and Future&#039; this Thursday in Cieza"},"content":{"rendered":"<p>Tomorrow, Thursday, the Cieza Thought Dialogue Forum is organizing a space for analysis, debate, and reflection on the origins of the problem, the current situation, and the future prospects of our Mar Menor.<\/p>\n<p>Pedro Garc\u00eda Moreno, director of Anse (Association of Naturalists of the Southeast), speaks as a guest, presented by Eva Naval\u00f3n.<\/p>\n<p>It will be held at 8:00 p.m. in the CajaMurcia Foundation Classroom in Cieza, on Padre Salmer\u00f3n Street.<\/p>\n<p>&nbsp;<\/p>\n<p><img loading=\"lazy\" decoding=\"async\" class=\"aligncenter size-full wp-image-7163\" src=\"https:\/\/ciezaentumano.com\/wp-content\/uploads\/2019\/11\/charla-sobre-el-mar-menor-en-Cieza..jpg\" alt=\"\" width=\"960\" height=\"500\" srcset=\"https:\/\/ciezaentumano.com\/wp-content\/uploads\/2019\/11\/charla-sobre-el-mar-menor-en-Cieza..jpg 960w, https:\/\/ciezaentumano.com\/wp-content\/uploads\/2019\/11\/charla-sobre-el-mar-menor-en-Cieza.-300x156.jpg 300w, https:\/\/ciezaentumano.com\/wp-content\/uploads\/2019\/11\/charla-sobre-el-mar-menor-en-Cieza.-768x400.jpg 768w\" sizes=\"(max-width: 960px) 100vw, 960px\" \/><\/p>","protected":false},"excerpt":{"rendered":"<p>Ma\u00f1ana jueves el\u00a0Foro Pensamiento Dialogo de Cieza organiza un espacio de an\u00e1lisis, debate y reflexi\u00f3n sobre los or\u00edgenes del problema, la situaci\u00f3n actual y las perspectivas de futuro de nuestro Mar Menor. Interviene como invitado Pedro Garc\u00eda Moreno, director de Anse (Asociaci\u00f3n de Naturalistas del Sureste), presenta Eva Naval\u00f3n. Ser\u00e1 a las 20:00 h. en [&hellip;]<\/p>","protected":false},"author":1,"featured_media":7163,"comment_status":"open","ping_status":"closed","sticky":false,"template":"","format":"standard","meta":{"_et_pb_use_builder":"","_et_pb_old_content":"","_et_gb_content_width":"","footnotes":""},"categories":[2],"tags":[],"amp_enabled":true,"_links":{"self":[{"href":"https:\/\/ciezaentumano.com\/en\/wp-json\/wp\/v2\/posts\/7162"}],"collection":[{"href":"https:\/\/ciezaentumano.com\/en\/wp-json\/wp\/v2\/posts"}],"about":[{"href":"https:\/\/ciezaentumano.com\/en\/wp-json\/wp\/v2\/types\/post"}],"author":[{"embeddable":true,"href":"https:\/\/ciezaentumano.com\/en\/wp-json\/wp\/v2\/users\/1"}],"replies":[{"embeddable":true,"href":"https:\/\/ciezaentumano.com\/en\/wp-json\/wp\/v2\/comments?post=7162"}],"version-history":[{"count":1,"href":"https:\/\/ciezaentumano.com\/en\/wp-json\/wp\/v2\/posts\/7162\/revisions"}],"predecessor-version":[{"id":7164,"href":"https:\/\/ciezaentumano.com\/en\/wp-json\/wp\/v2\/posts\/7162\/revisions\/7164"}],"wp:featuredmedia":[{"embeddable":true,"href":"https:\/\/ciezaentumano.com\/en\/wp-json\/wp\/v2\/media\/7163"}],"wp:attachment":[{"href":"https:\/\/ciezaentumano.com\/en\/wp-json\/wp\/v2\/media?parent=7162"}],"wp:term":[{"taxonomy":"category","embeddable":true,"href":"https:\/\/ciezaentumano.com\/en\/wp-json\/wp\/v2\/categories?post=7162"},{"taxonomy":"post_tag","embeddable":true,"href":"https:\/\/ciezaentumano.com\/en\/wp-json\/wp\/v2\/tags?post=7162"}],"curies":[{"name":"wp","href":"https:\/\/api.w.org\/{rel}","templated":true}]}}